{"id":509784,"date":"2017-11-17T20:31:03","date_gmt":"2017-11-18T02:31:03","guid":{"rendered":"https:\/\/www.futboltotal.com.mx\/?p=509784"},"modified":"2017-11-17T20:31:36","modified_gmt":"2017-11-18T02:31:36","slug":"cesar-ramos-arbitro-mexicano-la-copa-del-mundo","status":"publish","type":"post","link":"http:\/\/desarrollo.grupomedios.com\/futbol\/futbol-mexicano\/cesar-ramos-arbitro-mexicano-la-copa-del-mundo\/2017\/11","title":{"rendered":"C\u00e9sar Ramos, el \u00e1rbitro mexicano de la Copa del Mundo"},"content":{"rendered":"<p><strong>POR: STAFF FT<\/strong><\/p>\n<p>El \u00e1rbitro <strong>C\u00e9sar Ramos Palazuelos<\/strong> ha sido el silbante designado para ir a la Copa del Mundo de Rusia 2018.<\/p>\n<p>El galeno ser\u00e1 acompa\u00f1ado por sus asistentes <strong>Marvin Torrentera y Miguel Hern\u00e1ndez<\/strong> que ser\u00e1n sus compa\u00f1eros en el Mundial.<\/p>\n<p>Ramos Palazuelos le gan\u00f3 la carrera al final al experimentado <strong>Roberto Garc\u00eda Orozco<\/strong> para ser el \u00e1rbitro que est\u00e9 como representante de los silbantes mexicanos en la Copa del Mundo.<\/p>\n<p style=\"text-align: center;\"><span style=\"color: #333399;\"><a href=\"https:\/\/www.futboltotal.com.mx\/videos\/angel-reyna-se-suma-al-papu-dance-en-video\/2017\/11\">VER M\u00c1S:\u00a0<span class=\"item-title\">Angel Reyna se suma al \u201cPapu Dance\u201d en video<\/span><\/a><\/span><\/p>\n<p>Del 25 al 29 de noviembre, los \u00e1rbitros tendr\u00e1n que acudir a un Seminario que dar\u00e1 la <strong>FIFA<\/strong> a todos los elegidos para pitar en Rusia 2018.<\/p>\n<p>Por ahora, C\u00e9sar Ramos estar\u00e1 al frente del Cl\u00e1sico Regio entre Monterrey y Tigres de la Jornada 17 del Torneo Apertura 2017.<\/p>\n<p>&nbsp;<\/p>\n","protected":false},"excerpt":{"rendered":"<p>El silbante le gan\u00f3 la carrera al experimentado Roberto Garc\u00eda Orozco<\/p>\n","protected":false},"author":160,"featured_media":509785,"comment_status":"closed","ping_status":"closed","sticky":false,"template":"","format":"standard","meta":[],"categories":[2198,3845],"tags":[4751,10206,2232],"_links":{"self":[{"href":"http:\/\/desarrollo.grupomedios.com\/futbol\/wp-json\/wp\/v2\/posts\/509784"}],"collection":[{"href":"http:\/\/desarrollo.grupomedios.com\/futbol\/wp-json\/wp\/v2\/posts"}],"about":[{"href":"http:\/\/desarrollo.grupomedios.com\/futbol\/wp-json\/wp\/v2\/types\/post"}],"author":[{"embeddable":true,"href":"http:\/\/desarrollo.grupomedios.com\/futbol\/wp-json\/wp\/v2\/users\/160"}],"replies":[{"embeddable":true,"href":"http:\/\/desarrollo.grupomedios.com\/futbol\/wp-json\/wp\/v2\/comments?post=509784"}],"version-history":[{"count":2,"href":"http:\/\/desarrollo.grupomedios.com\/futbol\/wp-json\/wp\/v2\/posts\/509784\/revisions"}],"predecessor-version":[{"id":509787,"href":"http:\/\/desarrollo.grupomedios.com\/futbol\/wp-json\/wp\/v2\/posts\/509784\/revisions\/509787"}],"wp:featuredmedia":[{"embeddable":true,"href":"http:\/\/desarrollo.grupomedios.com\/futbol\/wp-json\/wp\/v2\/media\/509785"}],"wp:attachment":[{"href":"http:\/\/desarrollo.grupomedios.com\/futbol\/wp-json\/wp\/v2\/media?parent=509784"}],"wp:term":[{"taxonomy":"category","embeddable":true,"href":"http:\/\/desarrollo.grupomedios.com\/futbol\/wp-json\/wp\/v2\/categories?post=509784"},{"taxonomy":"post_tag","embeddable":true,"href":"http:\/\/desarrollo.grupomedios.com\/futbol\/wp-json\/wp\/v2\/tags?post=509784"}],"curies":[{"name":"wp","href":"https:\/\/api.w.org\/{rel}","templated":true}]}}