{"id":509788,"date":"2017-11-17T20:50:18","date_gmt":"2017-11-18T02:50:18","guid":{"rendered":"https:\/\/www.futboltotal.com.mx\/?p=509788"},"modified":"2017-11-17T20:51:55","modified_gmt":"2017-11-18T02:51:55","slug":"puebla-0-lobos-buap-1-liga-mx-apertura-2017-resumen","status":"publish","type":"post","link":"http:\/\/desarrollo.grupomedios.com\/futbol\/destacado-home\/puebla-0-lobos-buap-1-liga-mx-apertura-2017-resumen\/2017\/11","title":{"rendered":"Lobos BUAP gana el derbi poblano a Puebla en el Cuauht\u00e9moc"},"content":{"rendered":"<p>Un golazo de cabeza de <strong>Francisco &#8216;Maza&#8217; Rodr\u00edguez<\/strong> le dio la victoria a <strong>Lobos BUAP<\/strong> por 0-1 ante la Franja de <strong>Puebla<\/strong> en el estadio Cuauht\u00e9moc.<\/p>\n<p>El derbi poblano tuvo pocas emociones durante 75 minutos, pero en los \u00faltimos 15 se convirti\u00f3 en un duelo de &#8220;toma y daca&#8221;, y fueron los lic\u00e1ntropos quienes se hicieron del triunfo.<\/p>\n<p><strong>Mois\u00e9s Mu\u00f1oz<\/strong> ya hab\u00eda realizado un par de atajadas notables que evitaron la ca\u00edda de su arco de forma previa.<\/p>\n<p>Sin embargo, al minuto 83 un tiro de esquina que cobr\u00f3 <strong>Carlos Morales<\/strong> termin\u00f3 en la cabeza del &#8216;Maza&#8217; Rodr\u00edguez que logr\u00f3 un golazo y puso adelante a Lobos BUAP.<\/p>\n<blockquote class=\"twitter-video\" data-lang=\"es\">\n<p dir=\"ltr\" lang=\"es\"><a href=\"https:\/\/twitter.com\/hashtag\/NoTeLoPierdas?src=hash&amp;ref_src=twsrc%5Etfw\">#NoTeLoPierdas<\/a><br \/>\nG\u26bd\u26bd\u26bdL de Francisco J. Rodr\u00edguez<a href=\"https:\/\/twitter.com\/ClubPueblaMX?ref_src=twsrc%5Etfw\">@ClubPueblaMX<\/a> 0-1 <a href=\"https:\/\/twitter.com\/LobosBuapMX?ref_src=twsrc%5Etfw\">@LobosBuapMX<\/a>\u00a0<a href=\"https:\/\/twitter.com\/hashtag\/J17AP2017?src=hash&amp;ref_src=twsrc%5Etfw\">#J17AP2017<\/a> <a href=\"https:\/\/twitter.com\/hashtag\/LIGABancomerMX?src=hash&amp;ref_src=twsrc%5Etfw\">#LIGABancomerMX<\/a><br \/>\n\u26bd <a href=\"https:\/\/twitter.com\/hashtag\/SienteTuLiga?src=hash&amp;ref_src=twsrc%5Etfw\">#SienteTuLiga<\/a> \u26bd <a href=\"https:\/\/twitter.com\/hashtag\/AbrazadosPorElFutbol?src=hash&amp;ref_src=twsrc%5Etfw\">#AbrazadosPorElFutbol<\/a> <a href=\"https:\/\/t.co\/pOu4o10Jl2\">pic.twitter.com\/pOu4o10Jl2<\/a><\/p>\n<p>\u2014 LIGA Bancomer MX (@LIGABancomerMX) <a href=\"https:\/\/twitter.com\/LIGABancomerMX\/status\/931713924562604032?ref_src=twsrc%5Etfw\">18 de noviembre de 2017<\/a><\/p><\/blockquote>\n<p><script async src=\"https:\/\/platform.twitter.com\/widgets.js\" charset=\"utf-8\"><\/script><\/p>\n<p>Con esto, el primer <strong>derbi poblano<\/strong> en <strong>Primera Divisi\u00f3n<\/strong> se decant\u00f3 a favor de los dirigidos por el t\u00e9cnico Rafael Puente.<\/p>\n<p>Puebla jug\u00f3 m\u00e1s de 55 minutos con un hombre menos tras la expulsi\u00f3n de <strong>Paco Torres<\/strong> al minuto 34.<\/p>\n","protected":false},"excerpt":{"rendered":"<p>Con un golazo de cabeza del &#8216;Maza&#8217; se dio el triunfo de los lic\u00e1ntropos<\/p>\n","protected":false},"author":160,"featured_media":509789,"comment_status":"closed","ping_status":"closed","sticky":false,"template":"","format":"standard","meta":[],"categories":[5,2198,3845],"tags":[8357,11206,1572,64,431,5969],"_links":{"self":[{"href":"http:\/\/desarrollo.grupomedios.com\/futbol\/wp-json\/wp\/v2\/posts\/509788"}],"collection":[{"href":"http:\/\/desarrollo.grupomedios.com\/futbol\/wp-json\/wp\/v2\/posts"}],"about":[{"href":"http:\/\/desarrollo.grupomedios.com\/futbol\/wp-json\/wp\/v2\/types\/post"}],"author":[{"embeddable":true,"href":"http:\/\/desarrollo.grupomedios.com\/futbol\/wp-json\/wp\/v2\/users\/160"}],"replies":[{"embeddable":true,"href":"http:\/\/desarrollo.grupomedios.com\/futbol\/wp-json\/wp\/v2\/comments?post=509788"}],"version-history":[{"count":1,"href":"http:\/\/desarrollo.grupomedios.com\/futbol\/wp-json\/wp\/v2\/posts\/509788\/revisions"}],"predecessor-version":[{"id":509790,"href":"http:\/\/desarrollo.grupomedios.com\/futbol\/wp-json\/wp\/v2\/posts\/509788\/revisions\/509790"}],"wp:featuredmedia":[{"embeddable":true,"href":"http:\/\/desarrollo.grupomedios.com\/futbol\/wp-json\/wp\/v2\/media\/509789"}],"wp:attachment":[{"href":"http:\/\/desarrollo.grupomedios.com\/futbol\/wp-json\/wp\/v2\/media?parent=509788"}],"wp:term":[{"taxonomy":"category","embeddable":true,"href":"http:\/\/desarrollo.grupomedios.com\/futbol\/wp-json\/wp\/v2\/categories?post=509788"},{"taxonomy":"post_tag","embeddable":true,"href":"http:\/\/desarrollo.grupomedios.com\/futbol\/wp-json\/wp\/v2\/tags?post=509788"}],"curies":[{"name":"wp","href":"https:\/\/api.w.org\/{rel}","templated":true}]}}