{"id":509801,"date":"2017-11-18T10:00:38","date_gmt":"2017-11-18T16:00:38","guid":{"rendered":"https:\/\/www.futboltotal.com.mx\/?p=509801"},"modified":"2017-11-18T10:00:55","modified_gmt":"2017-11-18T16:00:55","slug":"la-nfl-regresa-a-mexico-la-aficion-volvera-a-hacer-las-suyas","status":"publish","type":"post","link":"http:\/\/desarrollo.grupomedios.com\/futbol\/no-todo-es-futbol\/la-nfl-regresa-a-mexico-la-aficion-volvera-a-hacer-las-suyas\/2017\/11","title":{"rendered":"La NFL regresa a M\u00e9xico: \u00bfY la afici\u00f3n volver\u00e1 a hacer de las suyas?"},"content":{"rendered":"<p>La <strong>NFL<\/strong> regresa este domingo a la <strong>Ciudad de M\u00e9xico<\/strong>, con el partido entre los <strong>Patriots de Nueva Inglaterra<\/strong> contra los <strong>Raiders de Oakland<\/strong>.<\/p>\n<p>Por segundo a\u00f1o consecutivo, la liga m\u00e1s importante de futbol americano profesional estar\u00e1 con un juego de temporada regular.<\/p>\n<p>En 2016, m\u00e1s de 76 mil aficionados pudieron disfrutar el partido de la NFL entre los Raiders y los Texans de Houston.<\/p>\n<p style=\"text-align: center;\"><span style=\"color: #333399;\"><a href=\"https:\/\/www.futboltotal.com.mx\/no-todo-es-futbol\/los-picks-la-semana-11-la-nfl\/2017\/11\">VER M\u00c1S:\u00a0<span class=\"item-title\">Los picks de la Semana 11 de la NFL<\/span><\/a><\/span><\/p>\n<p>Uno de los grandes motivos por los cuales la NFL quiz\u00e1 decidi\u00f3 que no se realizar\u00e1 en un lunes por la noche fue por algunas actitudes de la afici\u00f3n mexicana.<\/p>\n<p>La aparici\u00f3n de un l\u00e1ser durante el encuentro, para molestar al quarterback <strong>Brock Osweiler<\/strong>, fue una situaci\u00f3n que incomod\u00f3 mucho a la liga.<\/p>\n<p style=\"text-align: center;\"><span style=\"color: #333399;\"><a href=\"https:\/\/www.futboltotal.com.mx\/videos\/patriots-vs-raiders-equipo-se-impondra-en-estadio-azteca\/2017\/11\">VER M\u00c1S:\u00a0<span class=\"item-title\">Patriots vs Raiders, \u00bfqu\u00e9 equipo se impondr\u00e1 en el Estadio Azteca?<\/span><\/a><\/span><\/p>\n<p>De igual forma, el llamado &#8220;grito homof\u00f3bico&#8221; se hizo presente en el estadio Azteca, y se podr\u00eda dar de nuevo en el juego de este domingo.<\/p>\n<p style=\"text-align: center;\"><strong>\u00bfLa afici\u00f3n tendr\u00e1 un comportamiento de 10 puntos?<\/strong><\/p>\n<p>[video_player]https:\/\/player.vimeo.com\/external\/243359769.hd.mp4?s=609bc9c3fd2a0e7f72e5e842876fe7bed7c77e01&amp;profile_id=174[\/video_player]<\/p>\n","protected":false},"excerpt":{"rendered":"<p>\u00bfEl l\u00e1ser o el grito de &#8220;eeeh pu..&#8221; aparecer\u00e1 en el estadio Azteca?<\/p>\n","protected":false},"author":160,"featured_media":509802,"comment_status":"closed","ping_status":"closed","sticky":false,"template":"","format":"standard","meta":[],"categories":[7570,5811,5418,6411],"tags":[554,11210,4395,7728,9752],"_links":{"self":[{"href":"http:\/\/desarrollo.grupomedios.com\/futbol\/wp-json\/wp\/v2\/posts\/509801"}],"collection":[{"href":"http:\/\/desarrollo.grupomedios.com\/futbol\/wp-json\/wp\/v2\/posts"}],"about":[{"href":"http:\/\/desarrollo.grupomedios.com\/futbol\/wp-json\/wp\/v2\/types\/post"}],"author":[{"embeddable":true,"href":"http:\/\/desarrollo.grupomedios.com\/futbol\/wp-json\/wp\/v2\/users\/160"}],"replies":[{"embeddable":true,"href":"http:\/\/desarrollo.grupomedios.com\/futbol\/wp-json\/wp\/v2\/comments?post=509801"}],"version-history":[{"count":2,"href":"http:\/\/desarrollo.grupomedios.com\/futbol\/wp-json\/wp\/v2\/posts\/509801\/revisions"}],"predecessor-version":[{"id":509826,"href":"http:\/\/desarrollo.grupomedios.com\/futbol\/wp-json\/wp\/v2\/posts\/509801\/revisions\/509826"}],"wp:featuredmedia":[{"embeddable":true,"href":"http:\/\/desarrollo.grupomedios.com\/futbol\/wp-json\/wp\/v2\/media\/509802"}],"wp:attachment":[{"href":"http:\/\/desarrollo.grupomedios.com\/futbol\/wp-json\/wp\/v2\/media?parent=509801"}],"wp:term":[{"taxonomy":"category","embeddable":true,"href":"http:\/\/desarrollo.grupomedios.com\/futbol\/wp-json\/wp\/v2\/categories?post=509801"},{"taxonomy":"post_tag","embeddable":true,"href":"http:\/\/desarrollo.grupomedios.com\/futbol\/wp-json\/wp\/v2\/tags?post=509801"}],"curies":[{"name":"wp","href":"https:\/\/api.w.org\/{rel}","templated":true}]}}