{"id":509820,"date":"2017-11-18T09:11:37","date_gmt":"2017-11-18T15:11:37","guid":{"rendered":"https:\/\/www.futboltotal.com.mx\/?p=509820"},"modified":"2017-11-18T09:11:37","modified_gmt":"2017-11-18T15:11:37","slug":"derbi-madrileno-con-la-polvora-mojada","status":"publish","type":"post","link":"http:\/\/desarrollo.grupomedios.com\/futbol\/destacado-home\/derbi-madrileno-con-la-polvora-mojada\/2017\/11","title":{"rendered":"Derbi Madrile\u00f1o: con la p\u00f3lvora mojada"},"content":{"rendered":"<p>Se vivir\u00e1 una nueva edici\u00f3n del<strong> Derbi Madrile\u00f1o<\/strong> entre el<strong> Atl\u00e9tico de Madrid<\/strong> y el <strong>Real Madrid<\/strong>, un duelo que levanta pasiones y del que se esperan grandes emociones, pero la realidad es que ambos equipos est\u00e1n viviendo grandes problemas en el ataque; sus hombres gol no han logrado aparecer.<\/p>\n<p>Por un lado <strong>Anotine Griezmann<\/strong> y por el otro<strong> Cristiano Ronaldo<\/strong> quienes no han tenido una buena temporada hasta el momento y eso ha pesado en los resultados de sus equipos; el franc\u00e9s no encuentra puerta y comienza a perder minutos para <strong>Diego Simeone<\/strong>, el portugu\u00e9s ya denota desesperaci\u00f3n por no lograr aparecer.<\/p>\n<p style=\"text-align: center;\"><a href=\"https:\/\/www.futboltotal.com.mx\/futbol-internacional\/bundesliga\/dario-benedetto-en-el-radar-del-borussia-dortmund\/2017\/11\" target=\"_blank\" rel=\"noopener\">VER M\u00c1S: Dar\u00edo Benedetto, en el radar del Borussia Dortmund<\/a><\/p>\n<p>Las segundas o terceras opciones de <strong>Colchoneros<\/strong> y <strong>Merengues<\/strong>, tampoco est\u00e1n teniendo una buena temporada, lo que se ve reflejado en la tabla general de <strong>LaLiga<\/strong>.<\/p>\n<p>[video_player]https:\/\/player.vimeo.com\/external\/243368502.hd.mp4?s=738d2e38bbe81782b5ae726d093b0bac4b73dd7f&amp;profile_id=175[\/video_player]<\/p>\n","protected":false},"excerpt":{"rendered":"<p>Colchoneros y Merengues est\u00e1n sufriendo con el gol <\/p>\n","protected":false},"author":159,"featured_media":509821,"comment_status":"closed","ping_status":"closed","sticky":false,"template":"","format":"standard","meta":[],"categories":[5,3839,3844],"tags":[5191,6007,6013,11212,5988],"_links":{"self":[{"href":"http:\/\/desarrollo.grupomedios.com\/futbol\/wp-json\/wp\/v2\/posts\/509820"}],"collection":[{"href":"http:\/\/desarrollo.grupomedios.com\/futbol\/wp-json\/wp\/v2\/posts"}],"about":[{"href":"http:\/\/desarrollo.grupomedios.com\/futbol\/wp-json\/wp\/v2\/types\/post"}],"author":[{"embeddable":true,"href":"http:\/\/desarrollo.grupomedios.com\/futbol\/wp-json\/wp\/v2\/users\/159"}],"replies":[{"embeddable":true,"href":"http:\/\/desarrollo.grupomedios.com\/futbol\/wp-json\/wp\/v2\/comments?post=509820"}],"version-history":[{"count":1,"href":"http:\/\/desarrollo.grupomedios.com\/futbol\/wp-json\/wp\/v2\/posts\/509820\/revisions"}],"predecessor-version":[{"id":509822,"href":"http:\/\/desarrollo.grupomedios.com\/futbol\/wp-json\/wp\/v2\/posts\/509820\/revisions\/509822"}],"wp:featuredmedia":[{"embeddable":true,"href":"http:\/\/desarrollo.grupomedios.com\/futbol\/wp-json\/wp\/v2\/media\/509821"}],"wp:attachment":[{"href":"http:\/\/desarrollo.grupomedios.com\/futbol\/wp-json\/wp\/v2\/media?parent=509820"}],"wp:term":[{"taxonomy":"category","embeddable":true,"href":"http:\/\/desarrollo.grupomedios.com\/futbol\/wp-json\/wp\/v2\/categories?post=509820"},{"taxonomy":"post_tag","embeddable":true,"href":"http:\/\/desarrollo.grupomedios.com\/futbol\/wp-json\/wp\/v2\/tags?post=509820"}],"curies":[{"name":"wp","href":"https:\/\/api.w.org\/{rel}","templated":true}]}}