{"id":509830,"date":"2017-11-18T11:34:34","date_gmt":"2017-11-18T17:34:34","guid":{"rendered":"https:\/\/www.futboltotal.com.mx\/?p=509830"},"modified":"2017-11-18T11:34:34","modified_gmt":"2017-11-18T17:34:34","slug":"hirving-lozano-se-ira-al-manchester-city-en-verano","status":"publish","type":"post","link":"http:\/\/desarrollo.grupomedios.com\/futbol\/futbol-internacional\/hirving-lozano-se-ira-al-manchester-city-en-verano\/2017\/11","title":{"rendered":"Hirving Lozano se ir\u00e1 al Manchester City en verano"},"content":{"rendered":"<p><strong>POR: STAFF FT<\/strong><\/p>\n<p>El mediocampista mexicano,<strong> Hirving Lozano<\/strong> estar\u00eda dando un salto muy importante el pr\u00f3ximo verano, pues su carrera ha ido en ascenso de forma impresionante, apenas diera el salto a Europa con el <strong>PSV Eindhoven<\/strong> ya se vislumbra que puede ser un jugador determinante en un equipo de \u00e9lite y el <strong>Manchester City<\/strong> de Josep Guardiola selo est\u00e1 meditando seriamente para llevarlo a su conjunto.<\/p>\n<p>El jugador mexicano ha presentado un nivel fant\u00e1stico en la <strong>Eredivisie<\/strong> donde ha logrado marcar nueve goles, m\u00e1s otro en la Copa, disputando 12 partidos, adem\u00e1s que su reciente actuaci\u00f3n con la Selecci\u00f3n Mexicana ante B\u00e9lgica han despertado seriamente el inter\u00e9s del estratega <strong>Pep Guardiola<\/strong>, quien ya piensa en \u00e9l como un complemento ofensivo interesante.<\/p>\n<p style=\"text-align: center;\"><a href=\"https:\/\/www.futboltotal.com.mx\/futbol-mexicano\/liga-mx\/morelia-leon-toluca-aseguran-lugar-en-liguilla\/2017\/11\" target=\"_blank\" rel=\"noopener\">VER M\u00c1S: Solo quedan dos lugares en liguilla<\/a><\/p>\n<p>De acuerdo con la p\u00e1gina especializada, Calciomercato, El<strong> Manchester City<\/strong> desembolsar\u00e1 <strong>70 millones de euros<\/strong> por el jugador en el verano, algo que ya tendr\u00edan presupuestado para que logres llegar despu\u00e9s de la <strong>Copa del Mundo de Rusia 2018<\/strong>.<\/p>\n<p>La raz\u00f3n por la que no llevan a cabo la transacci\u00f3n en enero es por los problemas que pueda acarrear en lo econ\u00f3mico, por lo que han decidido comenzar las pl\u00e1ticas con el club holand\u00e9s, aunque estos est\u00e1n algo dudosos por dejar salir tan pronto a su joven sensaci\u00f3n, pues adem\u00e1s de contar con \u00e9l para esta temporada esperaban hacer tenerlo por un periodo m\u00e1s largo.<\/p>\n<p style=\"text-align: center;\"><a href=\"https:\/\/www.futboltotal.com.mx\/futbol-internacional\/bundesliga\/bayern-munich-robaria-a-griezmann-al-fc-barelona\/2017\/11\" target=\"_blank\" rel=\"noopener\">VER M\u00c1S: Bayern Munich entrar\u00eda a la puja por Griezmann<\/a><\/p>\n<p class=\"p1 rtejustify\">\n","protected":false},"excerpt":{"rendered":"<p>El Chucky tendr\u00eda los d\u00edas contados con el PSV<\/p>\n","protected":false},"author":159,"featured_media":509831,"comment_status":"closed","ping_status":"closed","sticky":false,"template":"","format":"standard","meta":[],"categories":[3839,3846],"tags":[6944,11213,5993,1791,334,3224],"_links":{"self":[{"href":"http:\/\/desarrollo.grupomedios.com\/futbol\/wp-json\/wp\/v2\/posts\/509830"}],"collection":[{"href":"http:\/\/desarrollo.grupomedios.com\/futbol\/wp-json\/wp\/v2\/posts"}],"about":[{"href":"http:\/\/desarrollo.grupomedios.com\/futbol\/wp-json\/wp\/v2\/types\/post"}],"author":[{"embeddable":true,"href":"http:\/\/desarrollo.grupomedios.com\/futbol\/wp-json\/wp\/v2\/users\/159"}],"replies":[{"embeddable":true,"href":"http:\/\/desarrollo.grupomedios.com\/futbol\/wp-json\/wp\/v2\/comments?post=509830"}],"version-history":[{"count":1,"href":"http:\/\/desarrollo.grupomedios.com\/futbol\/wp-json\/wp\/v2\/posts\/509830\/revisions"}],"predecessor-version":[{"id":509832,"href":"http:\/\/desarrollo.grupomedios.com\/futbol\/wp-json\/wp\/v2\/posts\/509830\/revisions\/509832"}],"wp:featuredmedia":[{"embeddable":true,"href":"http:\/\/desarrollo.grupomedios.com\/futbol\/wp-json\/wp\/v2\/media\/509831"}],"wp:attachment":[{"href":"http:\/\/desarrollo.grupomedios.com\/futbol\/wp-json\/wp\/v2\/media?parent=509830"}],"wp:term":[{"taxonomy":"category","embeddable":true,"href":"http:\/\/desarrollo.grupomedios.com\/futbol\/wp-json\/wp\/v2\/categories?post=509830"},{"taxonomy":"post_tag","embeddable":true,"href":"http:\/\/desarrollo.grupomedios.com\/futbol\/wp-json\/wp\/v2\/tags?post=509830"}],"curies":[{"name":"wp","href":"https:\/\/api.w.org\/{rel}","templated":true}]}}