{"id":509866,"date":"2017-11-18T20:07:45","date_gmt":"2017-11-19T02:07:45","guid":{"rendered":"https:\/\/www.futboltotal.com.mx\/?p=509866"},"modified":"2017-11-18T20:07:45","modified_gmt":"2017-11-19T02:07:45","slug":"la-memorable-arenga-paco-jemez-a-cruz-azul","status":"publish","type":"post","link":"http:\/\/desarrollo.grupomedios.com\/futbol\/videos\/la-memorable-arenga-paco-jemez-a-cruz-azul\/2017\/11","title":{"rendered":"La memorable arenga de Paco J\u00e9mez a Cruz Azul"},"content":{"rendered":"<p>POR: STAFF FT<\/p>\n<p><strong>Cruz Azul<\/strong> logr\u00f3 su pase a la liguilla del <strong>Torneo Apertura 2017<\/strong>, despu\u00e9s de no hacerlo en tres a\u00f1os consecutivos.<\/p>\n<p>Seis torneos sin liguilla provocaron que la afici\u00f3n, los jugadores y cuerpo t\u00e9cnico estallaran de j\u00fabilo por lograr el primer objetivo.<\/p>\n<p><em>La M\u00e1quina<\/em> tiene casi 20 a\u00f1os sin un t\u00edtulo de Liga, y todos lo saben, pero esta noche terminaron con los fantasmas y sellaron el pase.<\/p>\n<p>Paco J\u00e9mez dio un memorable discurso posterior a la consecuci\u00f3n del boleto a la liguilla de Cruz Azul, tras derrotar 1-0 a los <em>Tiburones Rojos<\/em> del <strong>Veracruz<\/strong>.<\/p>\n<p>\u00bfQuieres saber qu\u00e9 dijo <strong>Paco J\u00e9mez<\/strong>?<\/p>\n<blockquote class=\"twitter-video\" data-lang=\"es\">\n<p dir=\"ltr\" lang=\"es\">Las palabras de Paco J\u00e9mez&#8230; <a href=\"https:\/\/t.co\/IhQBA5NYK0\">pic.twitter.com\/IhQBA5NYK0<\/a><\/p>\n<p>\u2014 Esto es La M\u00e1quina (@estoeslamaquina) <a href=\"https:\/\/twitter.com\/estoeslamaquina\/status\/932057881872084992?ref_src=twsrc%5Etfw\">19 de noviembre de 2017<\/a><\/p><\/blockquote>\n<p><script async src=\"https:\/\/platform.twitter.com\/widgets.js\" charset=\"utf-8\"><\/script><\/p>\n","protected":false},"excerpt":{"rendered":"<p>La M\u00e1quina logr\u00f3 su pase a la liguilla, despu\u00e9s de tres a\u00f1os de no hacerlo<\/p>\n","protected":false},"author":160,"featured_media":509867,"comment_status":"closed","ping_status":"closed","sticky":false,"template":"","format":"standard","meta":[],"categories":[2198,3845,4],"tags":[8357,5962,64,1046,7053],"_links":{"self":[{"href":"http:\/\/desarrollo.grupomedios.com\/futbol\/wp-json\/wp\/v2\/posts\/509866"}],"collection":[{"href":"http:\/\/desarrollo.grupomedios.com\/futbol\/wp-json\/wp\/v2\/posts"}],"about":[{"href":"http:\/\/desarrollo.grupomedios.com\/futbol\/wp-json\/wp\/v2\/types\/post"}],"author":[{"embeddable":true,"href":"http:\/\/desarrollo.grupomedios.com\/futbol\/wp-json\/wp\/v2\/users\/160"}],"replies":[{"embeddable":true,"href":"http:\/\/desarrollo.grupomedios.com\/futbol\/wp-json\/wp\/v2\/comments?post=509866"}],"version-history":[{"count":1,"href":"http:\/\/desarrollo.grupomedios.com\/futbol\/wp-json\/wp\/v2\/posts\/509866\/revisions"}],"predecessor-version":[{"id":509868,"href":"http:\/\/desarrollo.grupomedios.com\/futbol\/wp-json\/wp\/v2\/posts\/509866\/revisions\/509868"}],"wp:featuredmedia":[{"embeddable":true,"href":"http:\/\/desarrollo.grupomedios.com\/futbol\/wp-json\/wp\/v2\/media\/509867"}],"wp:attachment":[{"href":"http:\/\/desarrollo.grupomedios.com\/futbol\/wp-json\/wp\/v2\/media?parent=509866"}],"wp:term":[{"taxonomy":"category","embeddable":true,"href":"http:\/\/desarrollo.grupomedios.com\/futbol\/wp-json\/wp\/v2\/categories?post=509866"},{"taxonomy":"post_tag","embeddable":true,"href":"http:\/\/desarrollo.grupomedios.com\/futbol\/wp-json\/wp\/v2\/tags?post=509866"}],"curies":[{"name":"wp","href":"https:\/\/api.w.org\/{rel}","templated":true}]}}