{"id":509895,"date":"2017-11-19T10:35:09","date_gmt":"2017-11-19T16:35:09","guid":{"rendered":"https:\/\/www.futboltotal.com.mx\/?p=509895"},"modified":"2017-11-19T10:47:00","modified_gmt":"2017-11-19T16:47:00","slug":"chucky-lozano-psv-eindhoven-logran-apretado-triunfo-en-holanda","status":"publish","type":"post","link":"http:\/\/desarrollo.grupomedios.com\/futbol\/destacado-home\/chucky-lozano-psv-eindhoven-logran-apretado-triunfo-en-holanda\/2017\/11","title":{"rendered":"Chucky Lozano y PSV Eindhoven logran apretado triunfo en Holanda"},"content":{"rendered":"<p>En un encuentro trabado y con pocas ocasiones de gol, el <strong>PSV Eindhoven<\/strong> derrot\u00f3 como visitante 1-0 al<strong> PEC Zwolle<\/strong> gracias a un gol de \u00faltimo minuto, en partido donde <strong>Hirving Lozano<\/strong> jug\u00f3 el partido completo pero tuvo una discreta actuaci\u00f3n.<\/p>\n<p><strong>El Chucky<\/strong>, que llegaba a este partido luego de la gran participaci\u00f3n que tuvo con la<strong> Selecci\u00f3n Mexicana<\/strong> al <span style=\"color: #3366ff;\"><a href=\"https:\/\/www.futboltotal.com.mx\/destacado-home\/belgica-3-mexico-3-partido-amistoso-2017-resumen\/2017\/11\">anotar dos goles en el amistoso ante B\u00e9lgica<\/a><\/span>, no tuvo una a modo en un encuentro en el que los espacios fueron reducidos, la pelota corri\u00f3 poco y la disputa del mismo se bas\u00f3 mucho en el juego f\u00edsico.<\/p>\n<p>Incluso, se not\u00f3 cierta desesperaci\u00f3n en el seleccionado nacional, porque la pelota nunca le lleg\u00f3 con ventaja, limpia o con espacio, mientras que los equipos neerlandeses poco a poco van conociendo m\u00e1s al extuzo y le incrementan la marca, situaci\u00f3n que complic\u00f3 a Lozano en este cotejo.<\/p>\n<p>Este es el segundo partido consecutivo en la<strong> Eredivisie<\/strong> en el que Lozano no puede anotar, toda vez que la fecha pasada en la victoria ante el <strong>Twente<\/strong>, Hirving tampoco pudo anotar, luego de haberlo hecho por cuatro encuentros consecutivos.<\/p>\n<p>El \u00fanico gol del encuentro lo anot\u00f3 el defensor<strong> Nicolas Isimat-Mirin<\/strong> al 93\u2019, luego de un cabezazo de Luuk de Jong dentro del \u00e1rea que el portero rechazo y el rebote lo aprovech\u00f3 el central para meter el gol del triunfo, con el que PSV lleg\u00f3 a 33 puntos y se mantuvo en la cima de la Liga Holandesa, a ocho del <strong>Ajax<\/strong>, su m\u00e1s cercano perseguidor.<\/p>\n<p><em>*Con informaci\u00f3n de Mediotiempo<\/em><\/p>\n","protected":false},"excerpt":{"rendered":"<p>Los Granjeros siguen de l\u00edderes en la Eredivise.<\/p>\n","protected":false},"author":129,"featured_media":499348,"comment_status":"closed","ping_status":"closed","sticky":false,"template":"","format":"standard","meta":[],"categories":[5,9721,3839],"tags":[6944,3224],"_links":{"self":[{"href":"http:\/\/desarrollo.grupomedios.com\/futbol\/wp-json\/wp\/v2\/posts\/509895"}],"collection":[{"href":"http:\/\/desarrollo.grupomedios.com\/futbol\/wp-json\/wp\/v2\/posts"}],"about":[{"href":"http:\/\/desarrollo.grupomedios.com\/futbol\/wp-json\/wp\/v2\/types\/post"}],"author":[{"embeddable":true,"href":"http:\/\/desarrollo.grupomedios.com\/futbol\/wp-json\/wp\/v2\/users\/129"}],"replies":[{"embeddable":true,"href":"http:\/\/desarrollo.grupomedios.com\/futbol\/wp-json\/wp\/v2\/comments?post=509895"}],"version-history":[{"count":1,"href":"http:\/\/desarrollo.grupomedios.com\/futbol\/wp-json\/wp\/v2\/posts\/509895\/revisions"}],"predecessor-version":[{"id":509896,"href":"http:\/\/desarrollo.grupomedios.com\/futbol\/wp-json\/wp\/v2\/posts\/509895\/revisions\/509896"}],"wp:featuredmedia":[{"embeddable":true,"href":"http:\/\/desarrollo.grupomedios.com\/futbol\/wp-json\/wp\/v2\/media\/499348"}],"wp:attachment":[{"href":"http:\/\/desarrollo.grupomedios.com\/futbol\/wp-json\/wp\/v2\/media?parent=509895"}],"wp:term":[{"taxonomy":"category","embeddable":true,"href":"http:\/\/desarrollo.grupomedios.com\/futbol\/wp-json\/wp\/v2\/categories?post=509895"},{"taxonomy":"post_tag","embeddable":true,"href":"http:\/\/desarrollo.grupomedios.com\/futbol\/wp-json\/wp\/v2\/tags?post=509895"}],"curies":[{"name":"wp","href":"https:\/\/api.w.org\/{rel}","templated":true}]}}