{"id":509897,"date":"2017-11-19T10:59:29","date_gmt":"2017-11-19T16:59:29","guid":{"rendered":"https:\/\/www.futboltotal.com.mx\/?p=509897"},"modified":"2017-11-19T10:59:29","modified_gmt":"2017-11-19T16:59:29","slug":"christian-cueva-sin-reportar-sao-paulo-tras-clasificacion-peru-a-rusia-2018","status":"publish","type":"post","link":"http:\/\/desarrollo.grupomedios.com\/futbol\/futbol-internacional\/christian-cueva-sin-reportar-sao-paulo-tras-clasificacion-peru-a-rusia-2018\/2017\/11","title":{"rendered":"Christian Cueva, sin reportar con Sao Paulo tras clasificaci\u00f3n de Per\u00fa"},"content":{"rendered":"<p>El <strong>Sao Paulo<\/strong> estudia la posibilidad de aplicar alguna sanci\u00f3n al futbolista peruano<strong> Christian Cueva<\/strong>, quien no se ha presentado al club brasile\u00f1o tras jugar con la selecci\u00f3n de su pa\u00eds frente a<strong> Nueva Zelanda<\/strong>, inform\u00f3 hoy el diario <em>Lance<\/em>.<\/p>\n<p>&#8220;Por ahora, la posici\u00f3n oficial del Sao Paulo es que Cueva tuvo un &#8216;inconveniente&#8217; y por eso no regres\u00f3, pero el caso est\u00e1 siendo estudiado y no se descarta la posibilidad de una sanci\u00f3n&#8221;, indic\u00f3 el diario deportivo.<\/p>\n<p>El futbolista jug\u00f3 el pasado mi\u00e9rcoles con la selecci\u00f3n de su pa\u00eds el partido de vuelta de la repesca de la eliminatoria para el Mundial de Rusia 2018, en el que los peruanos lograron la plaza al imponerse por 2-0.<\/p>\n<p style=\"text-align: center;\"><span style=\"color: #3366ff;\"><a href=\"https:\/\/www.futboltotal.com.mx\/futbol-internacional\/eredivisie\/chucky-lozano-psv-eindhoven-logran-apretado-triunfo-en-holanda\/2017\/11\">VER M\u00c1S: Chucky Lozano y PSV Eindhoven logran apretado triunfo en Holanda<\/a><\/span><\/p>\n<p>El Sao Paulo lo esperaba de vuelta el pasado viernes, pero el jugador no se present\u00f3 y tampoco lo hizo este s\u00e1bado, cuando el equipo se entren\u00f3 de cara a un partido que hoy jugar\u00e1 frente al <strong>Botafogo<\/strong> de la Liga brasile\u00f1a.<\/p>\n<p>Por esa raz\u00f3n, el entrenador<strong> Dorival Junior<\/strong> dej\u00f3 al peruano fuera de la convocatoria, lo cual fue anunciado en un comunicado con la lista de jugadores que comenz\u00f3 diciendo &#8220;todav\u00eda sin Cueva&#8221;.<\/p>\n<p>Seg\u00fan Lance, Dorival Junior se ha dicho &#8220;frustrado&#8221; por la conducta del jugador, sobre todo porque el Campeonato Brasile\u00f1o est\u00e1 en su tramo final y el Sao Paulo precisa sumar tres puntos en las tres jornadas que restan para evitar la amenaza del descenso a Segunda divisi\u00f3n. EFE<\/p>\n<p>ed\/ea<\/p>\n","protected":false},"excerpt":{"rendered":"<p>El peruano podr\u00eda ser sancionado dr\u00e1sticamente por el club.<\/p>\n","protected":false},"author":129,"featured_media":509898,"comment_status":"closed","ping_status":"closed","sticky":false,"template":"","format":"standard","meta":[],"categories":[3839],"tags":[11214,6214,722,2093],"_links":{"self":[{"href":"http:\/\/desarrollo.grupomedios.com\/futbol\/wp-json\/wp\/v2\/posts\/509897"}],"collection":[{"href":"http:\/\/desarrollo.grupomedios.com\/futbol\/wp-json\/wp\/v2\/posts"}],"about":[{"href":"http:\/\/desarrollo.grupomedios.com\/futbol\/wp-json\/wp\/v2\/types\/post"}],"author":[{"embeddable":true,"href":"http:\/\/desarrollo.grupomedios.com\/futbol\/wp-json\/wp\/v2\/users\/129"}],"replies":[{"embeddable":true,"href":"http:\/\/desarrollo.grupomedios.com\/futbol\/wp-json\/wp\/v2\/comments?post=509897"}],"version-history":[{"count":1,"href":"http:\/\/desarrollo.grupomedios.com\/futbol\/wp-json\/wp\/v2\/posts\/509897\/revisions"}],"predecessor-version":[{"id":509899,"href":"http:\/\/desarrollo.grupomedios.com\/futbol\/wp-json\/wp\/v2\/posts\/509897\/revisions\/509899"}],"wp:featuredmedia":[{"embeddable":true,"href":"http:\/\/desarrollo.grupomedios.com\/futbol\/wp-json\/wp\/v2\/media\/509898"}],"wp:attachment":[{"href":"http:\/\/desarrollo.grupomedios.com\/futbol\/wp-json\/wp\/v2\/media?parent=509897"}],"wp:term":[{"taxonomy":"category","embeddable":true,"href":"http:\/\/desarrollo.grupomedios.com\/futbol\/wp-json\/wp\/v2\/categories?post=509897"},{"taxonomy":"post_tag","embeddable":true,"href":"http:\/\/desarrollo.grupomedios.com\/futbol\/wp-json\/wp\/v2\/tags?post=509897"}],"curies":[{"name":"wp","href":"https:\/\/api.w.org\/{rel}","templated":true}]}}