{"id":509903,"date":"2017-11-19T12:09:50","date_gmt":"2017-11-19T18:09:50","guid":{"rendered":"https:\/\/www.futboltotal.com.mx\/?p=509903"},"modified":"2017-11-19T12:09:50","modified_gmt":"2017-11-19T18:09:50","slug":"fallece-comentarista-jorge-che-ventura","status":"publish","type":"post","link":"http:\/\/desarrollo.grupomedios.com\/futbol\/cambio-de-juego\/fallece-comentarista-jorge-che-ventura\/2017\/11","title":{"rendered":"Fallece comentarista Jorge &#8220;Che&#8221; Ventura"},"content":{"rendered":"<p><em>Por:Mediotiempo<\/em><\/p>\n<p>El periodista deportivo <strong>Jorge \u201cChe\u201d Ventura<\/strong>, falleci\u00f3 a los 77 a\u00f1os este domingo en la <strong>Ciudad de M\u00e9xico,<\/strong> as\u00ed lo confirm\u00f3 a trav\u00e9s de su cuenta de twitter, <strong>Francisco Javier Gonz\u00e1lez<\/strong>, <strong>director editorial de Televisa Deportes<\/strong>, y quien tambi\u00e9n fuera su amigo y colega en la misma televisora, TDN y Estadio W.<\/p>\n<p>Ventura, quien entrevist\u00f3 15 veces a <strong>Diego Armando Maradona<\/strong>, cubri\u00f3 decenas de eventos, se convirti\u00f3 en una escuela dentro del periodismo deportivo. En marzo pasado fue homenajeado por sus 60 a\u00f1os dentro del periodismo.<\/p>\n<p>Descanse en paz.<\/p>\n<p style=\"text-align: center;\"><span style=\"color: #3366ff;\"><a href=\"https:\/\/www.futboltotal.com.mx\/futbol-mexicano\/liga-mx\/la-memorable-arenga-paco-jemez-a-cruz-azul\/2017\/11\">VER M\u00c1S: La memorable arenga de Paco J\u00e9mez a Cruz Azul<\/a><\/span><\/p>\n<blockquote class=\"twitter-tweet\" data-width=\"500\">\n<p lang=\"es\" dir=\"ltr\">Falleci\u00f3 Jorge Ventura en la Ciudad de M\u00e9xico. Corrijo. Parte de su familia estaba en Cuernavaca. Sabremos m\u00e1s tarde donde ser\u00e1 velado. Descanse en paz el inolvidable \u201cChe\u201d que ya estar\u00e1 reunido con \u00c1ngel Fernandez y Fernando Marcos. Lo recordaremos siempre.<\/p>\n<p>&mdash; Fco Javier Gonz\u00e1lez (@FJG_TD) <a href=\"https:\/\/twitter.com\/FJG_TD\/status\/932287294345764864?ref_src=twsrc%5Etfw\">November 19, 2017<\/a><\/p><\/blockquote>\n<p><script async src=\"https:\/\/platform.twitter.com\/widgets.js\" charset=\"utf-8\"><\/script><\/p>\n","protected":false},"excerpt":{"rendered":"<p>El periodista falleci\u00f3 en la Ciudad de M\u00e9xico.<\/p>\n","protected":false},"author":129,"featured_media":509904,"comment_status":"closed","ping_status":"closed","sticky":false,"template":"","format":"standard","meta":[],"categories":[5419],"tags":[5460,11216,11215,8446],"_links":{"self":[{"href":"http:\/\/desarrollo.grupomedios.com\/futbol\/wp-json\/wp\/v2\/posts\/509903"}],"collection":[{"href":"http:\/\/desarrollo.grupomedios.com\/futbol\/wp-json\/wp\/v2\/posts"}],"about":[{"href":"http:\/\/desarrollo.grupomedios.com\/futbol\/wp-json\/wp\/v2\/types\/post"}],"author":[{"embeddable":true,"href":"http:\/\/desarrollo.grupomedios.com\/futbol\/wp-json\/wp\/v2\/users\/129"}],"replies":[{"embeddable":true,"href":"http:\/\/desarrollo.grupomedios.com\/futbol\/wp-json\/wp\/v2\/comments?post=509903"}],"version-history":[{"count":1,"href":"http:\/\/desarrollo.grupomedios.com\/futbol\/wp-json\/wp\/v2\/posts\/509903\/revisions"}],"predecessor-version":[{"id":509905,"href":"http:\/\/desarrollo.grupomedios.com\/futbol\/wp-json\/wp\/v2\/posts\/509903\/revisions\/509905"}],"wp:featuredmedia":[{"embeddable":true,"href":"http:\/\/desarrollo.grupomedios.com\/futbol\/wp-json\/wp\/v2\/media\/509904"}],"wp:attachment":[{"href":"http:\/\/desarrollo.grupomedios.com\/futbol\/wp-json\/wp\/v2\/media?parent=509903"}],"wp:term":[{"taxonomy":"category","embeddable":true,"href":"http:\/\/desarrollo.grupomedios.com\/futbol\/wp-json\/wp\/v2\/categories?post=509903"},{"taxonomy":"post_tag","embeddable":true,"href":"http:\/\/desarrollo.grupomedios.com\/futbol\/wp-json\/wp\/v2\/tags?post=509903"}],"curies":[{"name":"wp","href":"https:\/\/api.w.org\/{rel}","templated":true}]}}