{"id":509979,"date":"2017-11-20T10:02:16","date_gmt":"2017-11-20T16:02:16","guid":{"rendered":"https:\/\/www.futboltotal.com.mx\/?p=509979"},"modified":"2017-11-20T10:12:42","modified_gmt":"2017-11-20T16:12:42","slug":"11-ideal-la-jornada-17-del-apertura-2017","status":"publish","type":"post","link":"http:\/\/desarrollo.grupomedios.com\/futbol\/destacado-home\/11-ideal-la-jornada-17-del-apertura-2017\/2017\/11","title":{"rendered":"El 11 ideal de la jornada 17 del Apertura 2017"},"content":{"rendered":"<p><strong>POR: STAFF FT<\/strong><\/p>\n<p>Se termin\u00f3 el torneo pero la \u00faltima jornada trajo muchas emociones, varios futbolistas tuvieron actuaciones destacadas y lograron consagrar a sus equipo meti\u00e9ndolos a la <strong>liguilla<\/strong>, algunos otros aprovecharon la despedida del <strong>Apertura 2017<\/strong> para cerrar la competencia de forma digna.<\/p>\n<p><strong>Fernando Uribe<\/strong> anot\u00f3 dos anotaciones y <strong>Avil\u00e9s Hurtado<\/strong> hizo una para llevarse el t\u00edtulo de goleo junto con <strong>Mauro Boselli<\/strong>, por otro lado el Cl\u00e1sico Regio dej\u00f3 a <strong>Rayados de Monterrey<\/strong> como l\u00edder general y hubo otros equipos como Atlas y Le\u00f3n, que a pesar de meterse a la fiesta grande tuvieron muy poco que rescatar de esta \u00faltima fecha.<\/p>\n<p style=\"text-align: center;\"><a href=\"https:\/\/www.futboltotal.com.mx\/futbol-mexicano\/liga-mx\/asi-se-jugara-la-liguilla-del-torneo-apertura-2017\/2017\/11\" target=\"_blank\" rel=\"noopener\">VER M\u00c1S: As\u00ed se jugar\u00e1 la liguilla del Apertura 2017<\/a><\/p>\n<p>Aqu\u00ed el once ideal:<\/p>\n<div id=\"attachment_509987\" style=\"width: 868px\" class=\"wp-caption aligncenter\"><img aria-describedby=\"caption-attachment-509987\" decoding=\"async\" loading=\"lazy\" class=\"size-full wp-image-509987\" src=\"https:\/\/www.futboltotal.com.mx\/wp-content\/uploads\/2017\/11\/11-17.jpg\" alt=\"los once mejores jugadores\" srcset=\"http:\/\/desarrollo.grupomedios.com\/futbol\/wp-content\/uploads\/2017\/11\/11-17.jpg 858w, http:\/\/desarrollo.grupomedios.com\/futbol\/wp-content\/uploads\/2017\/11\/11-17-229x300.jpg 229w, http:\/\/desarrollo.grupomedios.com\/futbol\/wp-content\/uploads\/2017\/11\/11-17-768x1005.jpg 768w, http:\/\/desarrollo.grupomedios.com\/futbol\/wp-content\/uploads\/2017\/11\/11-17-782x1024.jpg 782w\" sizes=\"(max-width: 858px) 100vw, 858px\" \/><p id=\"caption-attachment-509987\" class=\"wp-caption-text\">11 ideal Jornada 17 Apertura 2017<\/p><\/div>\n","protected":false},"excerpt":{"rendered":"<p>Los mejores futbolistas de esta jornada<\/p>\n","protected":false},"author":159,"featured_media":509981,"comment_status":"closed","ping_status":"closed","sticky":false,"template":"","format":"standard","meta":[],"categories":[5,2198,3845],"tags":[5623,8357,1572,64],"_links":{"self":[{"href":"http:\/\/desarrollo.grupomedios.com\/futbol\/wp-json\/wp\/v2\/posts\/509979"}],"collection":[{"href":"http:\/\/desarrollo.grupomedios.com\/futbol\/wp-json\/wp\/v2\/posts"}],"about":[{"href":"http:\/\/desarrollo.grupomedios.com\/futbol\/wp-json\/wp\/v2\/types\/post"}],"author":[{"embeddable":true,"href":"http:\/\/desarrollo.grupomedios.com\/futbol\/wp-json\/wp\/v2\/users\/159"}],"replies":[{"embeddable":true,"href":"http:\/\/desarrollo.grupomedios.com\/futbol\/wp-json\/wp\/v2\/comments?post=509979"}],"version-history":[{"count":3,"href":"http:\/\/desarrollo.grupomedios.com\/futbol\/wp-json\/wp\/v2\/posts\/509979\/revisions"}],"predecessor-version":[{"id":509988,"href":"http:\/\/desarrollo.grupomedios.com\/futbol\/wp-json\/wp\/v2\/posts\/509979\/revisions\/509988"}],"wp:featuredmedia":[{"embeddable":true,"href":"http:\/\/desarrollo.grupomedios.com\/futbol\/wp-json\/wp\/v2\/media\/509981"}],"wp:attachment":[{"href":"http:\/\/desarrollo.grupomedios.com\/futbol\/wp-json\/wp\/v2\/media?parent=509979"}],"wp:term":[{"taxonomy":"category","embeddable":true,"href":"http:\/\/desarrollo.grupomedios.com\/futbol\/wp-json\/wp\/v2\/categories?post=509979"},{"taxonomy":"post_tag","embeddable":true,"href":"http:\/\/desarrollo.grupomedios.com\/futbol\/wp-json\/wp\/v2\/tags?post=509979"}],"curies":[{"name":"wp","href":"https:\/\/api.w.org\/{rel}","templated":true}]}}