{"id":509989,"date":"2017-11-20T10:37:20","date_gmt":"2017-11-20T16:37:20","guid":{"rendered":"https:\/\/www.futboltotal.com.mx\/?p=509989"},"modified":"2017-11-20T10:37:55","modified_gmt":"2017-11-20T16:37:55","slug":"pedro-caixinha-viene-a-gran-club-paco-jemez%ef%bb%bf","status":"publish","type":"post","link":"http:\/\/desarrollo.grupomedios.com\/futbol\/destacado-home\/pedro-caixinha-viene-a-gran-club-paco-jemez%ef%bb%bf\/2017\/11","title":{"rendered":"Si Pedro Caixinha viene, viene a un gran club: Paco J\u00e9mez\ufeff"},"content":{"rendered":"<p><strong>POR: STAFF FT<\/strong><\/p>\n<p>El estratega de <strong>Cruz Azul,\u00a0<\/strong><strong>Paco J\u00e9mez<\/strong> no habl\u00f3 se su futuro pero si indic\u00f3 que en caso que el portugu\u00e9s, <strong>Pedro Caixinha<\/strong> llegue a Cruz Azul, se encargar\u00e1 de felicitarlo, pues llega a un gran club en palabras del espa\u00f1ol, luego de llevar a los cementeros a una liguilla despu\u00e9s de tres a\u00f1os al vencer a los <strong>Tiburones Rojos de Veracruz<\/strong>.<\/p>\n<p>&#8220;Si<strong>\u00a0Pedro Caixinha<\/strong>\u00a0viene, viene a un gran club. Yo ser\u00e9 el primero en darle la enhorabuena. <strong>Sobre mi futuro no quiero hablar<\/strong>, el club har\u00e1 lo que tenga que hacer, tengo algo tan grande por delante (Liguilla) como para preocuparme por si voy a seguir o no. No he dicho nada de si me voy o me quedo. Y no pienso decirlo porque\u00a0no lo he decidido&#8221;<strong>, <\/strong>extern\u00f3 el cementero.<\/p>\n<p>Por otro lado habl\u00f3 de lo que le espera a su equipo en la liguilla, pues desea que jueguen a disfrutar la fase final del torneo, adem\u00e1s que espera que su equipo no se equivoque.<\/p>\n<p style=\"text-align: center;\"><a href=\"https:\/\/www.futboltotal.com.mx\/futbol-mexicano\/liga-mx\/los-memes-la-ultima-jornada-17-del-apertura-2017\/2017\/11\" target=\"_blank\" rel=\"noopener\">VER M\u00c1S: Los memes de la Jornada 17 del Apertura<\/a><\/p>\n<p>&#8220;Debemos hacer conciencia y luego de lograr calificar a la Liguilla\u00a0no debemos como se dice en Espa\u00f1a, cagarla, quiero un equipo que sepa defender, quiero un equipo que se vaya adelante, quiero que juguemos disfrutando.<\/p>\n<p>&#8220;Siempre he dado la cara y nunca me he echado para atr\u00e1s, me siento muy orgulloso. Siempre\u00a0he defendido a mi gente, a mi familia, a mi club, a mis jugadores, a la afici\u00f3n [&#8230;]\u00a0Hab\u00eda mucha presi\u00f3n, hemos jugado dos partidos con much\u00edsima presi\u00f3n desde Morelia&#8221;.<\/p>\n<p>Por \u00faltimo lanz\u00f3 una frase en contra de la prensa mexicana;<strong> &#8220;Algunos periodistas son vomitivos, son una basura, no todos, los problemas son cuando incluso han usado a mi familia&#8221;<\/strong>.<\/p>\n<p style=\"text-align: center;\"><a href=\"https:\/\/www.futboltotal.com.mx\/futbol-internacional\/liga-de-italia\/la-semana-maldita-gianluigi-buffon\/2017\/11\" target=\"_blank\" rel=\"noopener\">VER M\u00c1S: La semana maldita de Gianluigi Buffon<\/a><\/p>\n<p>&nbsp;<\/p>\n","protected":false},"excerpt":{"rendered":"<p>El espa\u00f1ol no quiso dar pistas sobre si seguir\u00e1 en el club cementero<\/p>\n","protected":false},"author":159,"featured_media":509990,"comment_status":"closed","ping_status":"closed","sticky":false,"template":"","format":"standard","meta":[],"categories":[5,2198,3845],"tags":[8357,5962,64,7053,1968],"_links":{"self":[{"href":"http:\/\/desarrollo.grupomedios.com\/futbol\/wp-json\/wp\/v2\/posts\/509989"}],"collection":[{"href":"http:\/\/desarrollo.grupomedios.com\/futbol\/wp-json\/wp\/v2\/posts"}],"about":[{"href":"http:\/\/desarrollo.grupomedios.com\/futbol\/wp-json\/wp\/v2\/types\/post"}],"author":[{"embeddable":true,"href":"http:\/\/desarrollo.grupomedios.com\/futbol\/wp-json\/wp\/v2\/users\/159"}],"replies":[{"embeddable":true,"href":"http:\/\/desarrollo.grupomedios.com\/futbol\/wp-json\/wp\/v2\/comments?post=509989"}],"version-history":[{"count":1,"href":"http:\/\/desarrollo.grupomedios.com\/futbol\/wp-json\/wp\/v2\/posts\/509989\/revisions"}],"predecessor-version":[{"id":509991,"href":"http:\/\/desarrollo.grupomedios.com\/futbol\/wp-json\/wp\/v2\/posts\/509989\/revisions\/509991"}],"wp:featuredmedia":[{"embeddable":true,"href":"http:\/\/desarrollo.grupomedios.com\/futbol\/wp-json\/wp\/v2\/media\/509990"}],"wp:attachment":[{"href":"http:\/\/desarrollo.grupomedios.com\/futbol\/wp-json\/wp\/v2\/media?parent=509989"}],"wp:term":[{"taxonomy":"category","embeddable":true,"href":"http:\/\/desarrollo.grupomedios.com\/futbol\/wp-json\/wp\/v2\/categories?post=509989"},{"taxonomy":"post_tag","embeddable":true,"href":"http:\/\/desarrollo.grupomedios.com\/futbol\/wp-json\/wp\/v2\/tags?post=509989"}],"curies":[{"name":"wp","href":"https:\/\/api.w.org\/{rel}","templated":true}]}}