{"id":509995,"date":"2017-11-20T11:25:48","date_gmt":"2017-11-20T17:25:48","guid":{"rendered":"https:\/\/www.futboltotal.com.mx\/?p=509995"},"modified":"2017-11-20T11:25:48","modified_gmt":"2017-11-20T17:25:48","slug":"show-nahuel-guzman-enfurecio-a-los-rayados","status":"publish","type":"post","link":"http:\/\/desarrollo.grupomedios.com\/futbol\/futbol-mexicano\/show-nahuel-guzman-enfurecio-a-los-rayados\/2017\/11","title":{"rendered":"El show de Nahuel Guzm\u00e1n que enfureci\u00f3 a los Rayados"},"content":{"rendered":"<p><strong>POR: STAFF FT<\/strong><\/p>\n<p>El guardameta de<strong> Tigres UANL<\/strong>,<strong>\u00a0Nahuel Guzm\u00e1n<\/strong>, no pudo aguantar la derrota de su equipo en el <strong>Cl\u00e1sico Regio<\/strong> ante<strong> Rayados de Monterrey<\/strong> y se dedic\u00f3 a hacer un en el <strong>Estadio BBVA<\/strong>, dedic\u00e1ndoles un par de gestos y algunas otras acciones que marcaron su actuaci\u00f3n en el juego, sobre todo despu\u00e9s de haber recibido los dos goles que pr\u00e1cticamente sentenciaron el encuentro.<\/p>\n<p>Primero levant\u00f3 parte del c\u00e9sped, pues ya estaba flojo desde el encuentro ante <strong>Am\u00e9rica<\/strong> en la<strong> Copa MX<\/strong>, incuso parte de lo que levant\u00f3 lo llev\u00f3 afuera del terreno de juego, posteriormente se dedic\u00f3 a <strong>contar las estrellas<\/strong> en su escudo para los aficionados que estaban detr\u00e1s de su porter\u00eda.<\/p>\n<p style=\"text-align: center;\"><a href=\"https:\/\/www.futboltotal.com.mx\/futbol-mexicano\/liga-mx\/conejo-perez-podria-retirarse-cruz-azul-en-2018\/2017\/11\" target=\"_blank\" rel=\"noopener\">VER M\u00c1S: Conejo P\u00e9rez podr\u00eda retirarse en Cruz Azul<\/a><\/p>\n<p>Despu\u00e9s hizo<strong> &#8216;el baile del ping\u00fcino&#8217;<\/strong> que se lo dedic\u00f3 a toda la fanaticada rayada en m\u00e1s de una ocasi\u00f3n, haciendo una referencia muy utilizada en Sudam\u00e9rica para decir<strong> &#8216;pecho fr\u00edo&#8217;<\/strong>. Estas acciones hicieron molestar al estratega, <strong>Antonio Mohamed<\/strong>, quien reclam\u00f3 las acciones al cuarto silbante.<\/p>\n<p><iframe loading=\"lazy\" src=\"https:\/\/www.youtube.com\/embed\/ISimpohUIU8?feature=oembed\" frameborder=\"0\" gesture=\"media\" allowfullscreen><\/iframe><\/p>\n<p style=\"text-align: center;\"><a href=\"https:\/\/www.futboltotal.com.mx\/futbol-mexicano\/liga-mx\/asi-se-jugara-la-liguilla-del-torneo-apertura-2017\/2017\/11\" target=\"_blank\" rel=\"noopener\">VER M\u00c1S: As\u00ed se jugar\u00e1 la liguilla del Apertura 2017<\/a><\/p>\n","protected":false},"excerpt":{"rendered":"<p>El guardameta de Tigres no se guard\u00f3 nada en el Cl\u00e1sico Regio<\/p>\n","protected":false},"author":159,"featured_media":509996,"comment_status":"closed","ping_status":"closed","sticky":false,"template":"","format":"standard","meta":[],"categories":[2198,3845],"tags":[8357,1478,64,5966,6129,497,5973],"_links":{"self":[{"href":"http:\/\/desarrollo.grupomedios.com\/futbol\/wp-json\/wp\/v2\/posts\/509995"}],"collection":[{"href":"http:\/\/desarrollo.grupomedios.com\/futbol\/wp-json\/wp\/v2\/posts"}],"about":[{"href":"http:\/\/desarrollo.grupomedios.com\/futbol\/wp-json\/wp\/v2\/types\/post"}],"author":[{"embeddable":true,"href":"http:\/\/desarrollo.grupomedios.com\/futbol\/wp-json\/wp\/v2\/users\/159"}],"replies":[{"embeddable":true,"href":"http:\/\/desarrollo.grupomedios.com\/futbol\/wp-json\/wp\/v2\/comments?post=509995"}],"version-history":[{"count":1,"href":"http:\/\/desarrollo.grupomedios.com\/futbol\/wp-json\/wp\/v2\/posts\/509995\/revisions"}],"predecessor-version":[{"id":509997,"href":"http:\/\/desarrollo.grupomedios.com\/futbol\/wp-json\/wp\/v2\/posts\/509995\/revisions\/509997"}],"wp:featuredmedia":[{"embeddable":true,"href":"http:\/\/desarrollo.grupomedios.com\/futbol\/wp-json\/wp\/v2\/media\/509996"}],"wp:attachment":[{"href":"http:\/\/desarrollo.grupomedios.com\/futbol\/wp-json\/wp\/v2\/media?parent=509995"}],"wp:term":[{"taxonomy":"category","embeddable":true,"href":"http:\/\/desarrollo.grupomedios.com\/futbol\/wp-json\/wp\/v2\/categories?post=509995"},{"taxonomy":"post_tag","embeddable":true,"href":"http:\/\/desarrollo.grupomedios.com\/futbol\/wp-json\/wp\/v2\/tags?post=509995"}],"curies":[{"name":"wp","href":"https:\/\/api.w.org\/{rel}","templated":true}]}}