{"id":509998,"date":"2017-11-20T12:05:21","date_gmt":"2017-11-20T18:05:21","guid":{"rendered":"https:\/\/www.futboltotal.com.mx\/?p=509998"},"modified":"2017-11-20T12:11:25","modified_gmt":"2017-11-20T18:11:25","slug":"listos-los-dias-horarios-liguilla-apertura-2017","status":"publish","type":"post","link":"http:\/\/desarrollo.grupomedios.com\/futbol\/destacado-home\/listos-los-dias-horarios-liguilla-apertura-2017\/2017\/11","title":{"rendered":"\u00a1Listos los d\u00edas y horarios para la liguilla Apertura 2017!"},"content":{"rendered":"<p><strong>POR: STAFF FT<\/strong><\/p>\n<p>Est\u00e1n listos los horarios para la<strong> liguilla del Apertura 2017<\/strong>, luego que en la \u00faltima jornada quedaran los duelos definitivos para la fase final, todo comenzar\u00e1 el mi\u00e9rcoles y jueves con los juegos de ida y el fin de semana se dar\u00e1n las respectivas vueltas.<\/p>\n<p>El primer duelo ser\u00e1 el mi\u00e9rcoles 22 de noviembre cuando <strong>Toluca<\/strong> reciba a<strong> Monarcas Morelia<\/strong> en punto de las 19:30 horas, mientras que el duelo de vuelta ser\u00e1 en Michoac\u00e1n para el d\u00eda s\u00e1bado 25 de noviembre a las 21:00 horas.<\/p>\n<p style=\"text-align: center;\"><a href=\"https:\/\/www.futboltotal.com.mx\/futbol-mexicano\/liga-mx\/conejo-perez-podria-retirarse-cruz-azul-en-2018\/2017\/11\" target=\"_blank\" rel=\"noopener\">VER M\u00c1S: Conejo P\u00e9rez podr\u00eda retirarse con Cruz Azul<\/a><\/p>\n<p>En el duelo del <strong>Club Le\u00f3n y Tigres<\/strong>, la batalla comenzar\u00e1 este mi\u00e9rcoles 22 de noviembre en punto de las 21:36 horas en la cancha de Guanajuato, mientras que para el d\u00eda s\u00e1bado 258 de noviembre se llevar\u00e1 a cabo la vuelta a las 19:00 horas en el Volc\u00e1n.<\/p>\n<p>El duelo entre <strong>Atlas y Rayados de Monterrey<\/strong> en el Jalisco ser\u00e1 el 23 de noviembre a las 21:30 horas, mientras que la vuelta en el Estadio BBVA ser\u00e1 el pr\u00f3ximo domingo 26 de noviembre a las 18:00 horas.<\/p>\n<p>Por \u00faltimo el duelo entre<strong> Cruz Azul y Am\u00e9rica<\/strong> en el Estadio Azul se llevar\u00e1 a cabo el jueves 23 de noviembre en punto de las 19:30 horas, mientras que el duelo de vuelta ser\u00e1 el domingo 26 de noviembre a las 20:00 horas en la cancha del Estadio Azteca.<\/p>\n<blockquote class=\"twitter-tweet\" data-lang=\"es\">\n<p dir=\"ltr\" lang=\"es\">Para que lo anotes en tu <a href=\"https:\/\/twitter.com\/hashtag\/AgendaFutbol%C3%ADstica?src=hash&amp;ref_src=twsrc%5Etfw\">#AgendaFutbol\u00edstica<\/a> &#x1f4c5;\u26bd, ya est\u00e1n listos los partidos, horarios y sedes de la <a href=\"https:\/\/twitter.com\/hashtag\/FaseFinal?src=hash&amp;ref_src=twsrc%5Etfw\">#FaseFinal<\/a> &#x1f631;&#x1f631;&#x1f631;<br \/>\nAs\u00ed se jugar\u00e1n los <a href=\"https:\/\/twitter.com\/hashtag\/4tosDeFinal?src=hash&amp;ref_src=twsrc%5Etfw\">#4tosDeFinal<\/a> del <a href=\"https:\/\/twitter.com\/hashtag\/Apertura2017?src=hash&amp;ref_src=twsrc%5Etfw\">#Apertura2017<\/a> en la <a href=\"https:\/\/twitter.com\/hashtag\/LIGABancomerMX?src=hash&amp;ref_src=twsrc%5Etfw\">#LIGABancomerMX<\/a><br \/>\n\u26bd <a href=\"https:\/\/twitter.com\/hashtag\/SienteTuLiga?src=hash&amp;ref_src=twsrc%5Etfw\">#SienteTuLiga<\/a> \u26bd <a href=\"https:\/\/twitter.com\/hashtag\/AbrazadosPorElFutbol?src=hash&amp;ref_src=twsrc%5Etfw\">#AbrazadosPorElFutbol<\/a> <a href=\"https:\/\/t.co\/JGSoTnK2jK\">pic.twitter.com\/JGSoTnK2jK<\/a><\/p>\n<p>\u2014 LIGA Bancomer MX (@LIGABancomerMX) <a href=\"https:\/\/twitter.com\/LIGABancomerMX\/status\/932666918565277696?ref_src=twsrc%5Etfw\">20 de noviembre de 2017<\/a><\/p><\/blockquote>\n<p><script async src=\"https:\/\/platform.twitter.com\/widgets.js\" charset=\"utf-8\"><\/script><\/p>\n<p style=\"text-align: center;\"><a href=\"https:\/\/www.futboltotal.com.mx\/futbol-mexicano\/liga-mx\/show-nahuel-guzman-enfurecio-a-los-rayados\/2017\/11\" target=\"_blank\" rel=\"noopener\">VER M\u00c1S: El show de Nahuel Guzm\u00e1n que enfureci\u00f3 a los Rayados<\/a><\/p>\n<p>&nbsp;<\/p>\n","protected":false},"excerpt":{"rendered":"<p>Quedaron definidos los d\u00edas y horarios en los que se disputar\u00e1 la liguilla<\/p>\n","protected":false},"author":159,"featured_media":509999,"comment_status":"closed","ping_status":"closed","sticky":false,"template":"","format":"standard","meta":[],"categories":[5,2198,3845],"tags":[5959,8357,5961,5962,5965,64,1046,5967,1329,5973,5975],"_links":{"self":[{"href":"http:\/\/desarrollo.grupomedios.com\/futbol\/wp-json\/wp\/v2\/posts\/509998"}],"collection":[{"href":"http:\/\/desarrollo.grupomedios.com\/futbol\/wp-json\/wp\/v2\/posts"}],"about":[{"href":"http:\/\/desarrollo.grupomedios.com\/futbol\/wp-json\/wp\/v2\/types\/post"}],"author":[{"embeddable":true,"href":"http:\/\/desarrollo.grupomedios.com\/futbol\/wp-json\/wp\/v2\/users\/159"}],"replies":[{"embeddable":true,"href":"http:\/\/desarrollo.grupomedios.com\/futbol\/wp-json\/wp\/v2\/comments?post=509998"}],"version-history":[{"count":3,"href":"http:\/\/desarrollo.grupomedios.com\/futbol\/wp-json\/wp\/v2\/posts\/509998\/revisions"}],"predecessor-version":[{"id":510002,"href":"http:\/\/desarrollo.grupomedios.com\/futbol\/wp-json\/wp\/v2\/posts\/509998\/revisions\/510002"}],"wp:featuredmedia":[{"embeddable":true,"href":"http:\/\/desarrollo.grupomedios.com\/futbol\/wp-json\/wp\/v2\/media\/509999"}],"wp:attachment":[{"href":"http:\/\/desarrollo.grupomedios.com\/futbol\/wp-json\/wp\/v2\/media?parent=509998"}],"wp:term":[{"taxonomy":"category","embeddable":true,"href":"http:\/\/desarrollo.grupomedios.com\/futbol\/wp-json\/wp\/v2\/categories?post=509998"},{"taxonomy":"post_tag","embeddable":true,"href":"http:\/\/desarrollo.grupomedios.com\/futbol\/wp-json\/wp\/v2\/tags?post=509998"}],"curies":[{"name":"wp","href":"https:\/\/api.w.org\/{rel}","templated":true}]}}