{"id":510006,"date":"2017-11-20T12:50:26","date_gmt":"2017-11-20T18:50:26","guid":{"rendered":"https:\/\/www.futboltotal.com.mx\/?p=510006"},"modified":"2017-11-20T12:50:26","modified_gmt":"2017-11-20T18:50:26","slug":"crack-la-jornada-17-fernando-uribe-doblete","status":"publish","type":"post","link":"http:\/\/desarrollo.grupomedios.com\/futbol\/futbol-mexicano\/crack-la-jornada-17-fernando-uribe-doblete\/2017\/11","title":{"rendered":"El Crack de la Jornada 17: Fernando Uribe y su doblete"},"content":{"rendered":"<p><strong>POR: STAFF FT<\/strong><\/p>\n<p>El crack de la<strong> Jornada 17<\/strong> del<strong> Apertura 2017<\/strong> se lo llev\u00f3 el delantero colombiano de los<strong> Diablos Rojos del Toluca<\/strong>, <strong>Fernando Uribe<\/strong>, quien se despach\u00f3 con un doblete en la \u00faltima fecha del torneo ante los<strong> Xolos de Tijuana<\/strong> para enfilar a su equipo a la liguilla.<\/p>\n<p>El delantero anot\u00f3 su primer tanto en el minuto 25 del encuentro gracias a un centro magn\u00edfico de <strong>Rubens Sambueza<\/strong>, quien de pierna zurda cruz\u00f3 el esf\u00e9rico por el \u00e1rea y <strong>Fernando Uribe<\/strong> estuvo muy atento para levantarse en el aire y poner el primer gol del encuentro con un remate de cabeza certero que venci\u00f3 a <strong>Gibr\u00e1n Lajud<\/strong>.<\/p>\n<p><iframe loading=\"lazy\" src=\"https:\/\/www.youtube.com\/embed\/t_Z9wKYtlzY?feature=oembed\" frameborder=\"0\" gesture=\"media\" allowfullscreen><\/iframe><\/p>\n<p style=\"text-align: center;\"><a href=\"https:\/\/www.futboltotal.com.mx\/futbol-mexicano\/liga-mx\/show-nahuel-guzman-enfurecio-a-los-rayados\/2017\/11\" target=\"_blank\" rel=\"noopener\">VER M\u00c1S: El show de Nahuel Guzm\u00e1n que enfureci\u00f3 a los Rayados<\/a><\/p>\n<p>Antes de que finalizara la primera parte, al minuto 43 el delantero colombiano se hizo presente de nuevo en el marcador, luego de otro gran desborde de <strong>Rubens Sambueza<\/strong>, que hay que decirlo, fue un c\u00f3mplice importante para que <strong>Fernando Uribe<\/strong> se ganara la distinci\u00f3n, quien mand\u00f3 una diagonal para que el colombiano solo llegara para empujarla.<\/p>\n<p><iframe loading=\"lazy\" src=\"https:\/\/www.youtube.com\/embed\/_rEQLPFlzX4?feature=oembed\" frameborder=\"0\" gesture=\"media\" allowfullscreen><\/iframe><\/p>\n<p>El delantero de 29 a\u00f1os disput\u00f3 <strong>15 encuentros<\/strong> en la presente campa\u00f1a y 14 fueron como titular, logr\u00f3<strong> 8 anotaciones<\/strong> y <strong>una asistencia<\/strong>, adem\u00e1s que en todo el torneo dispar\u00f3 en <strong>22 ocasiones el arco<\/strong>. Con estos dos goles demostr\u00f3 que est\u00e1 fino rumbo a la parte m\u00e1s importante; la liguilla.<\/p>\n<p style=\"text-align: center;\"><a href=\"https:\/\/www.futboltotal.com.mx\/futbol-mexicano\/liga-mx\/conejo-perez-podria-retirarse-cruz-azul-en-2018\/2017\/11\" target=\"_blank\" rel=\"noopener\">VER M\u00c1S: Conejo P\u00e9rez podr\u00eda retirarse con Cruz Azul en 2018<\/a><\/p>\n","protected":false},"excerpt":{"rendered":"<p>El colombiano fue el verdugo de los Xolos de Tijuana<\/p>\n","protected":false},"author":159,"featured_media":510007,"comment_status":"closed","ping_status":"closed","sticky":false,"template":"","format":"standard","meta":[],"categories":[7570,2198,3845],"tags":[8357,6182,64,5975,1555],"_links":{"self":[{"href":"http:\/\/desarrollo.grupomedios.com\/futbol\/wp-json\/wp\/v2\/posts\/510006"}],"collection":[{"href":"http:\/\/desarrollo.grupomedios.com\/futbol\/wp-json\/wp\/v2\/posts"}],"about":[{"href":"http:\/\/desarrollo.grupomedios.com\/futbol\/wp-json\/wp\/v2\/types\/post"}],"author":[{"embeddable":true,"href":"http:\/\/desarrollo.grupomedios.com\/futbol\/wp-json\/wp\/v2\/users\/159"}],"replies":[{"embeddable":true,"href":"http:\/\/desarrollo.grupomedios.com\/futbol\/wp-json\/wp\/v2\/comments?post=510006"}],"version-history":[{"count":1,"href":"http:\/\/desarrollo.grupomedios.com\/futbol\/wp-json\/wp\/v2\/posts\/510006\/revisions"}],"predecessor-version":[{"id":510008,"href":"http:\/\/desarrollo.grupomedios.com\/futbol\/wp-json\/wp\/v2\/posts\/510006\/revisions\/510008"}],"wp:featuredmedia":[{"embeddable":true,"href":"http:\/\/desarrollo.grupomedios.com\/futbol\/wp-json\/wp\/v2\/media\/510007"}],"wp:attachment":[{"href":"http:\/\/desarrollo.grupomedios.com\/futbol\/wp-json\/wp\/v2\/media?parent=510006"}],"wp:term":[{"taxonomy":"category","embeddable":true,"href":"http:\/\/desarrollo.grupomedios.com\/futbol\/wp-json\/wp\/v2\/categories?post=510006"},{"taxonomy":"post_tag","embeddable":true,"href":"http:\/\/desarrollo.grupomedios.com\/futbol\/wp-json\/wp\/v2\/tags?post=510006"}],"curies":[{"name":"wp","href":"https:\/\/api.w.org\/{rel}","templated":true}]}}