{"id":510016,"date":"2017-11-20T13:58:49","date_gmt":"2017-11-20T19:58:49","guid":{"rendered":"https:\/\/www.futboltotal.com.mx\/?p=510016"},"modified":"2017-11-20T14:00:15","modified_gmt":"2017-11-20T20:00:15","slug":"chivas-confirma-a-walter-gael-sandoval-refuerzo","status":"publish","type":"post","link":"http:\/\/desarrollo.grupomedios.com\/futbol\/destacado-home\/chivas-confirma-a-walter-gael-sandoval-refuerzo\/2017\/11","title":{"rendered":"Chivas confirma a Walter Gael Sandoval como refuerzo"},"content":{"rendered":"<p><strong>POR: STAFF FT<\/strong><\/p>\n<p>Las<strong> Chivas de Guadalajara<\/strong> hicieron oficial la llegada de su refuerzo,\u00a0<strong>Walter Gael Sandoval<\/strong>, mediocampista que llega procedente de Santos Laguna, luego que m\u00e1s temprano hicieran oficial la salida de<strong> <a href=\"https:\/\/www.futboltotal.com.mx\/futbol-mexicano\/liga-mx\/chivas-le-dice-adios-a-gallito-vazquez-video\/2017\/11\" target=\"_blank\" rel=\"noopener\">Jos\u00e9 Juan &#8216;Gallito&#8217; V\u00e1zquez<\/a><\/strong> quien parece continuar\u00e1 su carrera con los Guerreros.<\/p>\n<blockquote class=\"twitter-tweet\" data-lang=\"es\">\n<p dir=\"ltr\" lang=\"es\">\u00a1Bienvenido a la familia m\u00e1s grande de &#x1f1f2;&#x1f1fd;, <a href=\"https:\/\/twitter.com\/GSanoval?ref_src=twsrc%5Etfw\">@GSanoval<\/a>! &#x1f534;\u26aa\ufe0f&#x1f535; <a href=\"https:\/\/t.co\/FY8nwQcsCP\">pic.twitter.com\/FY8nwQcsCP<\/a><\/p>\n<p>\u2014 CHIVAS (@Chivas) <a href=\"https:\/\/twitter.com\/Chivas\/status\/932693444061028353?ref_src=twsrc%5Etfw\">20 de noviembre de 2017<\/a><\/p><\/blockquote>\n<p><script async src=\"https:\/\/platform.twitter.com\/widgets.js\" charset=\"utf-8\"><\/script><\/p>\n<p><strong>\u00bfQui\u00e9n es Walter Gael Sandoval?<\/strong><\/p>\n<p>Hizo su debut en 2016 ante\u00a0<strong>Tigres UANL<\/strong>, en la actual temporada tiene 13 juegos como titular y dos asistencias, pero en el\u00a0<strong>Apertura 2016<\/strong>\u00a0y\u00a0<strong>Clausura 2017<\/strong>\u00a0vio acci\u00f3n en todo los encuentros de su equipo y antes tuvo un breve paso por el\u00a0<strong>FC Ju\u00e1rez<\/strong>\u00a0en el<strong>\u00a0Ascenso MX<\/strong>. Es oriundo de Guadalajara, ciudad donde jug\u00f3 para los\u00a0<strong>Mulos del Club Deportivo Oro<\/strong>\u00a0en el 2010 y despu\u00e9s pas\u00f3 a la\u00a0<strong>UAG<\/strong>, antes de fichar en 2012 por Santos Laguna.<\/p>\n<p style=\"text-align: center;\"><a href=\"https:\/\/www.futboltotal.com.mx\/futbol-mexicano\/liga-mx\/show-nahuel-guzman-enfurecio-a-los-rayados\/2017\/11\" target=\"_blank\" rel=\"noopener\">VER M\u00c1S: El show de Nahuel Guzm\u00e1n que enfureci\u00f3 a Rayados<\/a><\/p>\n<p><strong>Le apodan \u2018El Italiano\u2019<\/strong><br \/>\nEl mediocampista es un todo terreno, juega ida y vuelta pero una de sus principales caracter\u00edsticas es la de asistir a sus compa\u00f1eros, ya sea para dejarlos de frente a la porter\u00eda o la jugada previa al gol. Pero su apodo se lo gan\u00f3 luego de jugar un torneo en\u00a0<strong>Viareggio, Italia<\/strong>, 2013 donde logr\u00f3\u00a0 llamar la atenci\u00f3n del\u00a0<strong>AS Roma<\/strong>\u00a0con quien tuvo una breve temporada de prueba.<\/p>\n<p>\u201cSe pusieron en contacto con Santos, para ver si pod\u00eda ir a Roma a probarme, me fui a explorar con unos amigos y justamente me hablan que iban a pasar por m\u00ed para<strong>\u00a0ir a entrenar a La Roma<\/strong>. Nos llevaron ese mismo d\u00eda, y fue una experiencia incre\u00edble ver a los jugadores de primera\u201d, expres\u00f3 el canterano para Marca Claro. De acuerdo a versiones del propio jugador no se logr\u00f3 un acuerdo entre\u00a0<strong>La Loba<\/strong>\u00a0y la directiva lagunera, por esa raz\u00f3n no logr\u00f3 quedarse en Italia.<\/p>\n<p>Al concretarse como nuevo refuerzo de\u00a0<strong>Chivas<\/strong>, sus aspiraciones se aumentar\u00edan, tanto para la\u00a0<strong>Selecci\u00f3n Mexicana<\/strong>, con quien ha participado en combinados de otras categor\u00edas, como en jugar en Europa, pues ha declarado que desea ser uno de los embajadores aztecas en el\u00a0<strong>Viejo Continente<\/strong>; \u201cA mediano plazo\u2026 Europa.\u00a0<strong>Quiero ser un mexicano m\u00e1s en Europa<\/strong>, abriendo m\u00e1s puertas al talento mexicano\u201d, indica.<\/p>\n<p style=\"text-align: center;\"><a href=\"https:\/\/www.futboltotal.com.mx\/futbol-mexicano\/liga-mx\/conejo-perez-podria-retirarse-cruz-azul-en-2018\/2017\/11\" target=\"_blank\" rel=\"noopener\">VER M\u00c1S: Conejo P\u00e9rez podr\u00eda retirarse en Cruz Azul<\/a><\/p>\n","protected":false},"excerpt":{"rendered":"<p>Chivas tiene su primera alta para el Clausura 2018<\/p>\n","protected":false},"author":159,"featured_media":510017,"comment_status":"closed","ping_status":"closed","sticky":false,"template":"","format":"standard","meta":[],"categories":[5,2198,3845],"tags":[70,9028,64,11066],"_links":{"self":[{"href":"http:\/\/desarrollo.grupomedios.com\/futbol\/wp-json\/wp\/v2\/posts\/510016"}],"collection":[{"href":"http:\/\/desarrollo.grupomedios.com\/futbol\/wp-json\/wp\/v2\/posts"}],"about":[{"href":"http:\/\/desarrollo.grupomedios.com\/futbol\/wp-json\/wp\/v2\/types\/post"}],"author":[{"embeddable":true,"href":"http:\/\/desarrollo.grupomedios.com\/futbol\/wp-json\/wp\/v2\/users\/159"}],"replies":[{"embeddable":true,"href":"http:\/\/desarrollo.grupomedios.com\/futbol\/wp-json\/wp\/v2\/comments?post=510016"}],"version-history":[{"count":3,"href":"http:\/\/desarrollo.grupomedios.com\/futbol\/wp-json\/wp\/v2\/posts\/510016\/revisions"}],"predecessor-version":[{"id":510020,"href":"http:\/\/desarrollo.grupomedios.com\/futbol\/wp-json\/wp\/v2\/posts\/510016\/revisions\/510020"}],"wp:featuredmedia":[{"embeddable":true,"href":"http:\/\/desarrollo.grupomedios.com\/futbol\/wp-json\/wp\/v2\/media\/510017"}],"wp:attachment":[{"href":"http:\/\/desarrollo.grupomedios.com\/futbol\/wp-json\/wp\/v2\/media?parent=510016"}],"wp:term":[{"taxonomy":"category","embeddable":true,"href":"http:\/\/desarrollo.grupomedios.com\/futbol\/wp-json\/wp\/v2\/categories?post=510016"},{"taxonomy":"post_tag","embeddable":true,"href":"http:\/\/desarrollo.grupomedios.com\/futbol\/wp-json\/wp\/v2\/tags?post=510016"}],"curies":[{"name":"wp","href":"https:\/\/api.w.org\/{rel}","templated":true}]}}