{"id":510034,"date":"2017-11-20T17:45:57","date_gmt":"2017-11-20T23:45:57","guid":{"rendered":"https:\/\/www.futboltotal.com.mx\/?p=510034"},"modified":"2017-11-20T17:45:57","modified_gmt":"2017-11-20T23:45:57","slug":"carlos-fierro-dejaria-chivas-para-llegar-a-cruz-azul","status":"publish","type":"post","link":"http:\/\/desarrollo.grupomedios.com\/futbol\/futbol-mexicano\/carlos-fierro-dejaria-chivas-para-llegar-a-cruz-azul\/2017\/11","title":{"rendered":"Carlos Fierro dejar\u00eda Chivas para llegar a Cruz Azul"},"content":{"rendered":"<p><strong>POR: STAFF FT<\/strong><\/p>\n<p>El <strong>Cruz Azul<\/strong> est\u00e1 dentro de la liguilla del<strong> Apertura 2017<\/strong> y se enfrentar\u00e1 a las <strong>\u00c1guilas del Am\u00e9rica<\/strong>, sin embargo la directiva celeste ya est\u00e1 buscando futbolistas para el siguiente torneo y uno de ellos es el delantero de<strong> Chivas<\/strong>, <strong>Carlos Fierro<\/strong> quien podr\u00eda incorporarse con la M\u00e1quina para el<strong> Clausura 2018<\/strong>.<\/p>\n<p>El<strong> &#8216;G\u00fcero&#8217;<\/strong> es del completo agrado de la directiva cementera, de acuerdo con mediotiempo y ya han comenzado los acercamientos para preguntar por sus servicios con la dirigencia <strong>Rojiblanca<\/strong>, que no ver\u00eda con malos ojos llegar al equipo de la capital.<\/p>\n<p style=\"text-align: center;\"><a href=\"https:\/\/www.futboltotal.com.mx\/futbol-mexicano\/liga-mx\/conejo-perez-podria-retirarse-cruz-azul-en-2018\/2017\/11\" target=\"_blank\" rel=\"noopener\">VER M\u00c1S: Conejo P\u00e9rez podr\u00eda retirarse en Cruz Azul<\/a><\/p>\n<p>Esta ser\u00eda la segunda ocasi\u00f3n en que <strong>Fierro<\/strong> est\u00e1 cerca de llegar a <strong>Cruz Azul<\/strong>, pues el equipo celeste estuvo buscando llevarlo\u00a0 el semestre pasado pero no tuvo \u00e9xito en su intento. Pero en esta ocasi\u00f3n pondr\u00edan dentro de la negociaci\u00f3n a <strong>Jos\u00e9 de Jes\u00fas Corona<\/strong>, arquero que interesa a Chivas para suplir la ausencia de <strong>Rodolfo Cota.<\/strong><\/p>\n<p>El jugador de Chivas ya sabe que tiene el inter\u00e9s de los cementeros y por ello se especula que en el encuentro ante <strong>Le\u00f3n<\/strong> donde anot\u00f3 un gol, festej\u00f3 de forma tan efusiva porque sab\u00eda que probablemente sea su \u00faltimo gol como Rojiblanco.<\/p>\n<p style=\"text-align: center;\"><a href=\"https:\/\/www.futboltotal.com.mx\/futbol-mexicano\/liga-mx\/show-nahuel-guzman-enfurecio-a-los-rayados\/2017\/11\" target=\"_blank\" rel=\"noopener\">VER M\u00c1S: El show de Nahuel Guzm\u00e1n que enfureci\u00f3 a Rayados<\/a><\/p>\n<p>&nbsp;<\/p>\n","protected":false},"excerpt":{"rendered":"<p>El delantero llegar\u00eda al equipo de la Capital en el Clausura 2018<\/p>\n","protected":false},"author":159,"featured_media":510035,"comment_status":"closed","ping_status":"closed","sticky":false,"template":"","format":"standard","meta":[],"categories":[2198,3845],"tags":[1615,70,5962,64],"_links":{"self":[{"href":"http:\/\/desarrollo.grupomedios.com\/futbol\/wp-json\/wp\/v2\/posts\/510034"}],"collection":[{"href":"http:\/\/desarrollo.grupomedios.com\/futbol\/wp-json\/wp\/v2\/posts"}],"about":[{"href":"http:\/\/desarrollo.grupomedios.com\/futbol\/wp-json\/wp\/v2\/types\/post"}],"author":[{"embeddable":true,"href":"http:\/\/desarrollo.grupomedios.com\/futbol\/wp-json\/wp\/v2\/users\/159"}],"replies":[{"embeddable":true,"href":"http:\/\/desarrollo.grupomedios.com\/futbol\/wp-json\/wp\/v2\/comments?post=510034"}],"version-history":[{"count":1,"href":"http:\/\/desarrollo.grupomedios.com\/futbol\/wp-json\/wp\/v2\/posts\/510034\/revisions"}],"predecessor-version":[{"id":510036,"href":"http:\/\/desarrollo.grupomedios.com\/futbol\/wp-json\/wp\/v2\/posts\/510034\/revisions\/510036"}],"wp:featuredmedia":[{"embeddable":true,"href":"http:\/\/desarrollo.grupomedios.com\/futbol\/wp-json\/wp\/v2\/media\/510035"}],"wp:attachment":[{"href":"http:\/\/desarrollo.grupomedios.com\/futbol\/wp-json\/wp\/v2\/media?parent=510034"}],"wp:term":[{"taxonomy":"category","embeddable":true,"href":"http:\/\/desarrollo.grupomedios.com\/futbol\/wp-json\/wp\/v2\/categories?post=510034"},{"taxonomy":"post_tag","embeddable":true,"href":"http:\/\/desarrollo.grupomedios.com\/futbol\/wp-json\/wp\/v2\/tags?post=510034"}],"curies":[{"name":"wp","href":"https:\/\/api.w.org\/{rel}","templated":true}]}}