{"id":510040,"date":"2017-11-20T18:39:59","date_gmt":"2017-11-21T00:39:59","guid":{"rendered":"https:\/\/www.futboltotal.com.mx\/?p=510040"},"modified":"2017-11-20T18:39:59","modified_gmt":"2017-11-21T00:39:59","slug":"pumas-busca-cuatro-refuerzos-clausura-2018","status":"publish","type":"post","link":"http:\/\/desarrollo.grupomedios.com\/futbol\/futbol-mexicano\/pumas-busca-cuatro-refuerzos-clausura-2018\/2017\/11","title":{"rendered":"Pumas busca cuatro refuerzos para Clausura 2018"},"content":{"rendered":"<p><strong>POR: STAFF FT<\/strong><\/p>\n<p>Luego que fuera ratificado como estratega de <strong>Pumas<\/strong> para el <strong>Clausura 2018<\/strong>, <strong>David Pati\u00f1o<\/strong> expres\u00f3 los planes que tiene para reforzar al plantel, luego que se quedaran fuera de la liguilla e incluso ocuparan la \u00fatlima posici\u00f3n en el actual Apertura 2017.<\/p>\n<p>\u201cBuscaremos <strong>dos jugadores en ataque y dos en defensa<\/strong>. Voy a contar como refuerzos a jugadores que ya est\u00e1n aqu\u00ed como<b>\u00a0Nicol\u00e1s Castillo y Pablo Barrera<\/b>. Por lo dem\u00e1s, ser\u00e1n dos o tres de ataque y adem\u00e1s en la defensa. Necesitamos gol y desequilibrio. Le dec\u00eda a la directiva que se enfoque en traer a quienes tengan esas caracter\u00edsticas\u201d, se\u00f1al\u00f3 en entrevista para TDN.<\/p>\n<p style=\"text-align: center;\"><a href=\"https:\/\/www.futboltotal.com.mx\/futbol-mexicano\/liga-mx\/conejo-perez-podria-retirarse-cruz-azul-en-2018\/2017\/11\" target=\"_blank\" rel=\"noopener\">VER M\u00c1S: Conejo P\u00e9rez podr\u00eda retirarse en Cruz Azul<\/a><\/p>\n<p>Por otro lado manifest\u00f3 al respecto de su contrato que no tiene un tiempo estipulado a\u00fan, pues apenas ha sido ratificado en el cargo;\u00a0\u201ccomo soy institucional, cuando venga a firmar mi contrato <strong>seguramente ser\u00e1 por un a\u00f1o<\/strong>. Hoy solo se habl\u00f3 de la ratificaci\u00f3n\u201d.<\/p>\n<p>De igual manera el estratega recalc\u00f3 que el canterano y seleccionado nacional, <strong>Jes\u00fas Gallardo<\/strong> no saldra de la escuadra universitaria en diciembre:\u00a0\u201c<strong>Gallardo no lo tenemos considerado para salir.<\/strong> Es un jugador que representa esta etapa del proyecto\u201d.<\/p>\n<p style=\"text-align: center;\"><a href=\"https:\/\/www.futboltotal.com.mx\/futbol-mexicano\/liga-mx\/carlos-fierro-dejaria-chivas-para-llegar-a-cruz-azul\/2017\/11\" target=\"_blank\" rel=\"noopener\">VER M\u00c1S: Carlos Fierro dejar\u00eda Chivas para llegar a un equipo capitalino<\/a><\/p>\n<p>&nbsp;<\/p>\n","protected":false},"excerpt":{"rendered":"<p>De igual forma indic\u00f3 que Jes\u00fas Gallardo no saldr\u00e1 del plantel<\/p>\n","protected":false},"author":159,"featured_media":510041,"comment_status":"closed","ping_status":"closed","sticky":false,"template":"","format":"standard","meta":[],"categories":[2198,3845],"tags":[9028,296,8134,64,74],"_links":{"self":[{"href":"http:\/\/desarrollo.grupomedios.com\/futbol\/wp-json\/wp\/v2\/posts\/510040"}],"collection":[{"href":"http:\/\/desarrollo.grupomedios.com\/futbol\/wp-json\/wp\/v2\/posts"}],"about":[{"href":"http:\/\/desarrollo.grupomedios.com\/futbol\/wp-json\/wp\/v2\/types\/post"}],"author":[{"embeddable":true,"href":"http:\/\/desarrollo.grupomedios.com\/futbol\/wp-json\/wp\/v2\/users\/159"}],"replies":[{"embeddable":true,"href":"http:\/\/desarrollo.grupomedios.com\/futbol\/wp-json\/wp\/v2\/comments?post=510040"}],"version-history":[{"count":1,"href":"http:\/\/desarrollo.grupomedios.com\/futbol\/wp-json\/wp\/v2\/posts\/510040\/revisions"}],"predecessor-version":[{"id":510042,"href":"http:\/\/desarrollo.grupomedios.com\/futbol\/wp-json\/wp\/v2\/posts\/510040\/revisions\/510042"}],"wp:featuredmedia":[{"embeddable":true,"href":"http:\/\/desarrollo.grupomedios.com\/futbol\/wp-json\/wp\/v2\/media\/510041"}],"wp:attachment":[{"href":"http:\/\/desarrollo.grupomedios.com\/futbol\/wp-json\/wp\/v2\/media?parent=510040"}],"wp:term":[{"taxonomy":"category","embeddable":true,"href":"http:\/\/desarrollo.grupomedios.com\/futbol\/wp-json\/wp\/v2\/categories?post=510040"},{"taxonomy":"post_tag","embeddable":true,"href":"http:\/\/desarrollo.grupomedios.com\/futbol\/wp-json\/wp\/v2\/tags?post=510040"}],"curies":[{"name":"wp","href":"https:\/\/api.w.org\/{rel}","templated":true}]}}