{"id":510046,"date":"2017-11-20T19:18:29","date_gmt":"2017-11-21T01:18:29","guid":{"rendered":"https:\/\/www.futboltotal.com.mx\/?p=510046"},"modified":"2017-11-20T19:19:59","modified_gmt":"2017-11-21T01:19:59","slug":"somos-afortunados-que-no-hubiera-sismo-coach-patriots","status":"publish","type":"post","link":"http:\/\/desarrollo.grupomedios.com\/futbol\/no-todo-es-futbol\/nfl\/somos-afortunados-que-no-hubiera-sismo-coach-patriots\/2017\/11","title":{"rendered":"Somos afortunados que no hubiera sismo: Coach de Patriots"},"content":{"rendered":"<p><strong>POR: STAFF FT<\/strong><\/p>\n<p>Luego del partido de <strong>NFL<\/strong> que se vivi\u00f3 en el<strong> Estadio Azteca<\/strong> entre los<strong> Patriots y los Raiders<\/strong>, todo parec\u00eda emoci\u00f3n y algarab\u00eda por lo sucedido, pero el que no estuvo tan satisfecho en su estancia en la <strong>Ciudad de M\u00e9xico<\/strong> fue el coach de <strong>New England<\/strong>,\u00a0<strong>Bill Belichick,\u00a0<\/strong>quien lanz\u00f3 unas desagradables declaraciones.<\/p>\n<p>Cuando leg\u00f3 a Estados Unidos, indic\u00f3 que la preparaci\u00f3n que tuvieron para el<strong> juego en M\u00e9xico<\/strong> tuvo que ser distinta, pues el traslado fue muy pesado para ellos, adem\u00e1s de indicar que fueron muy afortunados que no les tocara un\u00a0terremoto o una erupci\u00f3n volc\u00e1nica.<\/p>\n<p style=\"text-align: center;\"><a href=\"https:\/\/www.futboltotal.com.mx\/futbol-mexicano\/liga-mx\/carlos-fierro-dejaria-chivas-para-llegar-a-cruz-azul\/2017\/11\" target=\"_blank\" rel=\"noopener\">VER M\u00c1S: Carlos Fierro dejar\u00e1 Chivas para llegar a Cruz Azul<\/a><\/p>\n<p>&#8220;Los jugadores hicieron un gran trabajo con todos los desaf\u00edos con los que tuvieron que lidiar. Creo que<strong> somos afortunados de que no hubiera erupciones volc\u00e1nicas o terremotos<\/strong> o cualquier otra cosa mientras est\u00e1bamos ah\u00ed las dos franquicias&#8221;, coment\u00f3\u00a0<strong>Belichick<\/strong>.<\/p>\n<p>&#8220;<strong>Es un largo camino por recorrer para un juego. en t\u00e9rminos de toda la log\u00edstica<\/strong>. No est\u00e1n acostumbrados a tener un equipo de la\u00a0NFL, as\u00ed que tom\u00f3 una gran cantidad trabajo, un mont\u00f3n de horas y energ\u00eda de nosotros para poder ir&#8221;, agreg\u00f3.<\/p>\n<p>Para finalizar puntualiz\u00f3 que no tienen ninguna motivaci\u00f3n para regresar a jugar un partido en M\u00e9xico en un futuro inmediato<strong>:&#8221;En lo personal no me apura mucho volver otra vez&#8221;<\/strong>.<\/p>\n<p style=\"text-align: center;\"><a href=\"https:\/\/www.futboltotal.com.mx\/futbol-mexicano\/liga-mx\/11-infame-la-jornada-17-del-apertura-2017\/2017\/11\" target=\"_blank\" rel=\"noopener\">VER M\u00c1S: El 11 infame de la Jornada 17 del Apertura 2017<\/a><\/p>\n","protected":false},"excerpt":{"rendered":"<p>Bill Belichick lanz\u00f3 unas desafortunadas declaraciones<\/p>\n","protected":false},"author":159,"featured_media":510047,"comment_status":"closed","ping_status":"closed","sticky":false,"template":"","format":"standard","meta":[],"categories":[5811,6411],"tags":[11226,554,7727,7728],"_links":{"self":[{"href":"http:\/\/desarrollo.grupomedios.com\/futbol\/wp-json\/wp\/v2\/posts\/510046"}],"collection":[{"href":"http:\/\/desarrollo.grupomedios.com\/futbol\/wp-json\/wp\/v2\/posts"}],"about":[{"href":"http:\/\/desarrollo.grupomedios.com\/futbol\/wp-json\/wp\/v2\/types\/post"}],"author":[{"embeddable":true,"href":"http:\/\/desarrollo.grupomedios.com\/futbol\/wp-json\/wp\/v2\/users\/159"}],"replies":[{"embeddable":true,"href":"http:\/\/desarrollo.grupomedios.com\/futbol\/wp-json\/wp\/v2\/comments?post=510046"}],"version-history":[{"count":2,"href":"http:\/\/desarrollo.grupomedios.com\/futbol\/wp-json\/wp\/v2\/posts\/510046\/revisions"}],"predecessor-version":[{"id":510049,"href":"http:\/\/desarrollo.grupomedios.com\/futbol\/wp-json\/wp\/v2\/posts\/510046\/revisions\/510049"}],"wp:featuredmedia":[{"embeddable":true,"href":"http:\/\/desarrollo.grupomedios.com\/futbol\/wp-json\/wp\/v2\/media\/510047"}],"wp:attachment":[{"href":"http:\/\/desarrollo.grupomedios.com\/futbol\/wp-json\/wp\/v2\/media?parent=510046"}],"wp:term":[{"taxonomy":"category","embeddable":true,"href":"http:\/\/desarrollo.grupomedios.com\/futbol\/wp-json\/wp\/v2\/categories?post=510046"},{"taxonomy":"post_tag","embeddable":true,"href":"http:\/\/desarrollo.grupomedios.com\/futbol\/wp-json\/wp\/v2\/tags?post=510046"}],"curies":[{"name":"wp","href":"https:\/\/api.w.org\/{rel}","templated":true}]}}