{"id":510053,"date":"2017-11-20T20:25:22","date_gmt":"2017-11-21T02:25:22","guid":{"rendered":"https:\/\/www.futboltotal.com.mx\/?p=510053"},"modified":"2017-11-20T20:25:22","modified_gmt":"2017-11-21T02:25:22","slug":"river-plate-se-llevaria-a-marcelo-barovero-o-nahuel-guzman","status":"publish","type":"post","link":"http:\/\/desarrollo.grupomedios.com\/futbol\/destacado-home\/river-plate-se-llevaria-a-marcelo-barovero-o-nahuel-guzman\/2017\/11","title":{"rendered":"River Plate se llevar\u00eda a Marcelo Barovero o Nahuel Guzm\u00e1n"},"content":{"rendered":"<p><strong>POR: STAFF FT<\/strong><\/p>\n<p><strong>River Plate<\/strong> est\u00e1 sufriendo en la posici\u00f3n de guardameta pues<strong>\u00a0Germ\u00e1n Lux y\u00a0Augusto Batalla<\/strong> no han tenido actuaciones destacadas en el campeonato nacional de Argentina, por lo que el estratega, <strong>Marcelo Gallardo<\/strong> ya ha puesto a trabajar a su directiva para encontrar un arquero que tenga todas las garant\u00edas bajo los tres palos y dos de sus deseos est\u00e1n en la <strong>Liga MX<\/strong>.<\/p>\n<p>De acuerdo a\u00a0Maximiliano Benozzi, periodista del diario Clar\u00edn, el cuadro de River Plate tiene cuatro opciones para llenar el arco y el primero ser\u00eda <strong>Fernando Muslera<\/strong>, arquero uruguayo, pero la segunda opci\u00f3n en la que est\u00e1n pensando se trata del guardameta de<strong> Tigres UANL, Nahuel Guzm\u00e1n,<\/strong> sin embargo la principal raz\u00f3n por la que se detienen a contratarle es por el sueldo que percibe, pues estar\u00edan dispuestos a pagar los <strong>3 millones de euros<\/strong> que piden por \u00e9l.<\/p>\n<p style=\"text-align: center;\"><a href=\"https:\/\/www.futboltotal.com.mx\/futbol-mexicano\/liga-mx\/carlos-fierro-dejaria-chivas-para-llegar-a-cruz-azul\/2017\/11\" target=\"_blank\" rel=\"noopener\">VER M\u00c1S: Carlos Fierro dejar\u00e1 Chivas para llegar a Cruz Azul<\/a><\/p>\n<p>Un retorno a su pa\u00eds para el<strong> &#8216;Pat\u00f3n&#8217;<\/strong>, que ya jug\u00f3 en <strong>Newell&#8217;s Old Boys,<\/strong> podr\u00eda beneficiarle pues estar\u00eda m\u00e1s a la vista de la\u00a0<strong>Selecci\u00f3n Argentina,<\/strong> donde<strong> Jorge Sampaoli<\/strong> lo tiene en cuenta como uno de los arqueros para la <strong>Copa del Mundo de Rusia 2018<\/strong>, pero no de titular.<\/p>\n<p>Por su parte, <strong>Marcelo Barovero<\/strong>, de hecho ser\u00eda la quinta opci\u00f3n, pues de no lograr ninguna de las primeras cuatro, har\u00edan todo lo posible por convencer a<strong> &#8216;Trapito&#8217;<\/strong> de regresar a River Plate, de donde se fue para llegar a los <strong>Rayos del Necaxa<\/strong>. Su representante,\u00a0<strong>Marcelo Franceschini,<\/strong> indic\u00f3 que no podr\u00eda abrirse una ventana de negociaci\u00f3n hasta <strong>Junio de 2018.<\/strong><\/p>\n<p style=\"text-align: center;\"><a href=\"https:\/\/www.futboltotal.com.mx\/futbol-mexicano\/liga-mx\/pumas-busca-cuatro-refuerzos-clausura-2018\/2017\/11\" target=\"_blank\" rel=\"noopener\">VER M\u00c1S: Pumas busca cuatro refuerzos para el Clausura 2018<\/a><\/p>\n<p>&nbsp;<\/p>\n","protected":false},"excerpt":{"rendered":"<p>El cuadro argentino tiene la mira puesta en la Liga MX<\/p>\n","protected":false},"author":159,"featured_media":510054,"comment_status":"closed","ping_status":"closed","sticky":false,"template":"","format":"standard","meta":[],"categories":[5,2198,3845],"tags":[64,6870,6129,261,164,570],"_links":{"self":[{"href":"http:\/\/desarrollo.grupomedios.com\/futbol\/wp-json\/wp\/v2\/posts\/510053"}],"collection":[{"href":"http:\/\/desarrollo.grupomedios.com\/futbol\/wp-json\/wp\/v2\/posts"}],"about":[{"href":"http:\/\/desarrollo.grupomedios.com\/futbol\/wp-json\/wp\/v2\/types\/post"}],"author":[{"embeddable":true,"href":"http:\/\/desarrollo.grupomedios.com\/futbol\/wp-json\/wp\/v2\/users\/159"}],"replies":[{"embeddable":true,"href":"http:\/\/desarrollo.grupomedios.com\/futbol\/wp-json\/wp\/v2\/comments?post=510053"}],"version-history":[{"count":1,"href":"http:\/\/desarrollo.grupomedios.com\/futbol\/wp-json\/wp\/v2\/posts\/510053\/revisions"}],"predecessor-version":[{"id":510055,"href":"http:\/\/desarrollo.grupomedios.com\/futbol\/wp-json\/wp\/v2\/posts\/510053\/revisions\/510055"}],"wp:featuredmedia":[{"embeddable":true,"href":"http:\/\/desarrollo.grupomedios.com\/futbol\/wp-json\/wp\/v2\/media\/510054"}],"wp:attachment":[{"href":"http:\/\/desarrollo.grupomedios.com\/futbol\/wp-json\/wp\/v2\/media?parent=510053"}],"wp:term":[{"taxonomy":"category","embeddable":true,"href":"http:\/\/desarrollo.grupomedios.com\/futbol\/wp-json\/wp\/v2\/categories?post=510053"},{"taxonomy":"post_tag","embeddable":true,"href":"http:\/\/desarrollo.grupomedios.com\/futbol\/wp-json\/wp\/v2\/tags?post=510053"}],"curies":[{"name":"wp","href":"https:\/\/api.w.org\/{rel}","templated":true}]}}