{"id":510060,"date":"2017-11-20T19:55:21","date_gmt":"2017-11-21T01:55:21","guid":{"rendered":"https:\/\/www.futboltotal.com.mx\/?p=510060"},"modified":"2017-11-21T23:00:36","modified_gmt":"2017-11-22T05:00:36","slug":"pachuca-vs-atlante-copa-mx-2017-en-vivo-minuto-a-minuto","status":"publish","type":"post","link":"http:\/\/desarrollo.grupomedios.com\/futbol\/futbol-mexicano\/pachuca-vs-atlante-copa-mx-2017-en-vivo-minuto-a-minuto\/2017\/11","title":{"rendered":"Pachuca vs Atlante | Copa MX 2017 | EN VIVO: Minuto a minuto"},"content":{"rendered":"<p><strong>Pachuca vs Atlante<\/strong>\u00a0se enfrentan en la semifinal de la\u00a0<strong>Copa MX<\/strong>\u00a0este 21 de noviembre en el Estadio Hidalgo en punto de las 21:06 horas, ambos en busca de salvar el mal semestre que han tenido tanto en la Liga MX como en el Ascenso MX.<\/p>\n<div><iframe src=\"https:\/\/en-vivo.futboltotal.com.mx\/embed.php\/?id=444\" width=\"100%\" id=\"frame_minuto\"><\/iframe><\/div>\n<div><\/div>\n<div>Los Tuzos en los Cuartos de Final de la copa vencieron por goleada a<strong>\u00a0Xolos de Tijuana<\/strong>\u00a0y se instalaron as\u00ed a un paso de la gran final. Los hidalguenses llegar\u00e1n con la baja de\u00a0<strong>Erick Guti\u00e9rrez<\/strong>\u00a0quien est\u00e1 lesionado y a\u00fan no se sabe la magnitud y el periodo que estar\u00e1 inactivo.<\/div>\n<div><\/div>\n<div>El cuadro de los Potros lograron hacer una buena copa pues en la fase anterior eliminaron al campe\u00f3n\u00a0<strong>Chivas<\/strong>\u00a0y ahora sue\u00f1an con volver a llegar a la final como lo hicieran en 2013.<\/div>\n","protected":false},"excerpt":{"rendered":"<p>Ambos equipos buscar\u00e1n llegar a la final ante Rayados de Monterrey<\/p>\n","protected":false},"author":159,"featured_media":510102,"comment_status":"closed","ping_status":"closed","sticky":false,"template":"","format":"standard","meta":[],"categories":[4247,2198],"tags":[5960,285,5968],"_links":{"self":[{"href":"http:\/\/desarrollo.grupomedios.com\/futbol\/wp-json\/wp\/v2\/posts\/510060"}],"collection":[{"href":"http:\/\/desarrollo.grupomedios.com\/futbol\/wp-json\/wp\/v2\/posts"}],"about":[{"href":"http:\/\/desarrollo.grupomedios.com\/futbol\/wp-json\/wp\/v2\/types\/post"}],"author":[{"embeddable":true,"href":"http:\/\/desarrollo.grupomedios.com\/futbol\/wp-json\/wp\/v2\/users\/159"}],"replies":[{"embeddable":true,"href":"http:\/\/desarrollo.grupomedios.com\/futbol\/wp-json\/wp\/v2\/comments?post=510060"}],"version-history":[{"count":1,"href":"http:\/\/desarrollo.grupomedios.com\/futbol\/wp-json\/wp\/v2\/posts\/510060\/revisions"}],"predecessor-version":[{"id":510061,"href":"http:\/\/desarrollo.grupomedios.com\/futbol\/wp-json\/wp\/v2\/posts\/510060\/revisions\/510061"}],"wp:featuredmedia":[{"embeddable":true,"href":"http:\/\/desarrollo.grupomedios.com\/futbol\/wp-json\/wp\/v2\/media\/510102"}],"wp:attachment":[{"href":"http:\/\/desarrollo.grupomedios.com\/futbol\/wp-json\/wp\/v2\/media?parent=510060"}],"wp:term":[{"taxonomy":"category","embeddable":true,"href":"http:\/\/desarrollo.grupomedios.com\/futbol\/wp-json\/wp\/v2\/categories?post=510060"},{"taxonomy":"post_tag","embeddable":true,"href":"http:\/\/desarrollo.grupomedios.com\/futbol\/wp-json\/wp\/v2\/tags?post=510060"}],"curies":[{"name":"wp","href":"https:\/\/api.w.org\/{rel}","templated":true}]}}