{"id":510062,"date":"2017-11-20T21:34:22","date_gmt":"2017-11-21T03:34:22","guid":{"rendered":"https:\/\/www.futboltotal.com.mx\/?p=510062"},"modified":"2017-11-20T21:34:22","modified_gmt":"2017-11-21T03:34:22","slug":"erick-gutierrez-estaria-sano-mundial-clubes","status":"publish","type":"post","link":"http:\/\/desarrollo.grupomedios.com\/futbol\/futbol-mexicano\/erick-gutierrez-estaria-sano-mundial-clubes\/2017\/11","title":{"rendered":"Erick Guti\u00e9rrez estar\u00eda sano para el Mundial de Clubes"},"content":{"rendered":"<p><strong>POR: STAFF FT<\/strong><\/p>\n<p>El mediocampista de <strong>Tuzos de Pachuca<\/strong>,<strong> Erick Guti\u00e9rrez<\/strong> tendr\u00eda la posibilidad de jugar el <strong>Mundial de Clubes<\/strong>, luego de la fuerte lesi\u00f3n que sufri\u00f3 el pasado viernes en el encuentro ante<strong> Atlas<\/strong> del Apertura 2017, donde en un inicio se tem\u00eda lo peor. Este lunes le hicieron los estudios pertinentes una vez que se desinflam\u00f3 el tobillo derecho del jugador.<\/p>\n<p>Por su parte,\u00a0<strong>Marco Garc\u00e9s<\/strong>, director deportivo del club, expres\u00f3 para ESPN que no fue un edema ni\u00a0ruptura de ligamentos: <strong>&#8220;Tuvimos buenas noticias, hoy se ve bastante mejor, no queremos adelantar nada.<\/strong> El club de dar\u00e1 su anuncio oficial. En estas lesiones hay que ir d\u00eda a d\u00eda porque se van presentando cambios&#8221;.<\/p>\n<p style=\"text-align: center;\"><a href=\"https:\/\/www.futboltotal.com.mx\/futbol-mexicano\/liga-mx\/river-plate-se-llevaria-a-marcelo-barovero-o-nahuel-guzman\/2017\/11\" target=\"_blank\" rel=\"noopener\">VER M\u00c1S: River Plate tiene en la mira a 2 porteros de la Liga MX<\/a><\/p>\n<p>Adem\u00e1s adelanto que para el <strong>Mundial de Clubes<\/strong> se le har\u00e1n unas pruebas dentro de dos semanas para saber si estar\u00e1 en condiciones de acompa\u00f1ar al grupo que viajar\u00e1 en diciembre a\u00a0los\u00a0<strong>Emiratos \u00c1rabes,\u00a0<\/strong>donde los Tuzos tendr\u00edan la posibilidad de medirse ante el <strong>Real Madrid<\/strong>.<\/p>\n<p>Aunque se debe esperar el resultado de esa prueba, el panorama de<strong> &#8216;Guti&#8217;<\/strong> parece muy alentador, pues de entrada se pensaba lo peor, ahora tiene serias posibilidades de recuperarse para disputar el torneo de diciembre.<\/p>\n<p style=\"text-align: center;\"><a href=\"https:\/\/www.futboltotal.com.mx\/futbol-mexicano\/liga-mx\/pumas-busca-cuatro-refuerzos-clausura-2018\/2017\/11\" target=\"_blank\" rel=\"noopener\">VER M\u00c1S: Pumas desea 4 refuerzos para el Clausura 2017<\/a><\/p>\n<p>&nbsp;<\/p>\n","protected":false},"excerpt":{"rendered":"<p>El mediocampista de Tuzos podr\u00eda estar en la competencia<\/p>\n","protected":false},"author":159,"featured_media":510063,"comment_status":"closed","ping_status":"closed","sticky":false,"template":"","format":"standard","meta":[],"categories":[2198,3845],"tags":[6158,64,415,5968],"_links":{"self":[{"href":"http:\/\/desarrollo.grupomedios.com\/futbol\/wp-json\/wp\/v2\/posts\/510062"}],"collection":[{"href":"http:\/\/desarrollo.grupomedios.com\/futbol\/wp-json\/wp\/v2\/posts"}],"about":[{"href":"http:\/\/desarrollo.grupomedios.com\/futbol\/wp-json\/wp\/v2\/types\/post"}],"author":[{"embeddable":true,"href":"http:\/\/desarrollo.grupomedios.com\/futbol\/wp-json\/wp\/v2\/users\/159"}],"replies":[{"embeddable":true,"href":"http:\/\/desarrollo.grupomedios.com\/futbol\/wp-json\/wp\/v2\/comments?post=510062"}],"version-history":[{"count":1,"href":"http:\/\/desarrollo.grupomedios.com\/futbol\/wp-json\/wp\/v2\/posts\/510062\/revisions"}],"predecessor-version":[{"id":510064,"href":"http:\/\/desarrollo.grupomedios.com\/futbol\/wp-json\/wp\/v2\/posts\/510062\/revisions\/510064"}],"wp:featuredmedia":[{"embeddable":true,"href":"http:\/\/desarrollo.grupomedios.com\/futbol\/wp-json\/wp\/v2\/media\/510063"}],"wp:attachment":[{"href":"http:\/\/desarrollo.grupomedios.com\/futbol\/wp-json\/wp\/v2\/media?parent=510062"}],"wp:term":[{"taxonomy":"category","embeddable":true,"href":"http:\/\/desarrollo.grupomedios.com\/futbol\/wp-json\/wp\/v2\/categories?post=510062"},{"taxonomy":"post_tag","embeddable":true,"href":"http:\/\/desarrollo.grupomedios.com\/futbol\/wp-json\/wp\/v2\/tags?post=510062"}],"curies":[{"name":"wp","href":"https:\/\/api.w.org\/{rel}","templated":true}]}}