{"id":510069,"date":"2017-11-20T23:30:46","date_gmt":"2017-11-21T05:30:46","guid":{"rendered":"https:\/\/www.futboltotal.com.mx\/?p=510069"},"modified":"2017-11-21T12:55:21","modified_gmt":"2017-11-21T18:55:21","slug":"gallito-vazquez-nuevo-jugador-santos-laguna","status":"publish","type":"post","link":"http:\/\/desarrollo.grupomedios.com\/futbol\/destacado-home\/gallito-vazquez-nuevo-jugador-santos-laguna\/2017\/11","title":{"rendered":"Gallito V\u00e1zquez, nuevo jugador de Santos Laguna"},"content":{"rendered":"<p><strong>POR: STAFF FT<\/strong><\/p>\n<p><strong>Santos Laguna<\/strong> anuncio la contrataci\u00f3n del mediocampista de contenci\u00f3n, <strong>Jos\u00e9 Juan &#8216;Gallito&#8217; V\u00e1zquez<\/strong>, luego que el estratega de <strong>Chivas de Guadalajara<\/strong> confirm\u00f3 su salida del club el pasado s\u00e1bado, este ser\u00e1 el tercer equipo del futbolista en la <strong>Liga MX<\/strong>, pues antes ya hab\u00eda jugado en el Le\u00f3n, donde se catapult\u00f3 a la<strong> Selecci\u00f3n Mexicana.<\/strong><\/p>\n<p>El mediocampista dej\u00f3 de ser futbolista de Chivas y le dedicaron un video a modo de agradecimiento por el tiempo que jug\u00f3 con los Rojiblancos, donde obtuvo el t\u00edtulo de Copa y Liga el pasado Clausura; <strong>Walter\u00a0Gael Sandoval<\/strong> fue quien lleg\u00f3 como nuevo refuerzo del Reba\u00f1o.<\/p>\n<p style=\"text-align: center;\"><a href=\"https:\/\/www.futboltotal.com.mx\/futbol-mexicano\/liga-mx\/river-plate-se-llevaria-a-marcelo-barovero-o-nahuel-guzman\/2017\/11\">VER M\u00c1S: River Plate se llevar\u00eda a Marcelo Barovero o Nahuel Guzm\u00e1n<\/a><\/p>\n<p>El <strong>&#8216;Gallito&#8217;<\/strong> disput\u00f3 13 partidos del torneo <strong>Apertura 2017<\/strong>, todos como titular, luego que arrib\u00f3 en el Apertura 2016; por su parte <strong>Santos Laguna<\/strong> avis\u00f3 a trav\u00e9s de redes sociales de su contrataci\u00f3n y destac\u00f3 su actuaci\u00f3n en el pasado <strong>Mundial de Brasil 2014<\/strong>, donde fue pieza fundamental en el cuadro mexicano dirigido por <strong>Miguel Herrera<\/strong>.<\/p>\n<blockquote class=\"twitter-tweet\" data-lang=\"es\">\n<p dir=\"ltr\" lang=\"es\">\u00a1Bienvenido, <a href=\"https:\/\/twitter.com\/GalloVazquezG?ref_src=twsrc%5Etfw\">@GalloVazquezG<\/a>! A defender este escudo en cada batalla y entrenamiento como todo un <a href=\"https:\/\/twitter.com\/hashtag\/Guerrero?src=hash&amp;ref_src=twsrc%5Etfw\">#Guerrero<\/a> &#x1f413;\u26bd&#x1f44a;<\/p>\n<p>Conoce m\u00e1s de su trayectoria \u26bd&#x1f4c8;\u27a1 <a href=\"https:\/\/t.co\/J6XG5gUcTe\">https:\/\/t.co\/J6XG5gUcTe<\/a> <a href=\"https:\/\/t.co\/t7M1d5Dxjz\">pic.twitter.com\/t7M1d5Dxjz<\/a><\/p>\n<p>\u2014 ClubSantosLaguna (@ClubSantos) <a href=\"https:\/\/twitter.com\/ClubSantos\/status\/932759641586585600?ref_src=twsrc%5Etfw\">20 de noviembre de 2017<\/a><\/p><\/blockquote>\n<p><script async src=\"https:\/\/platform.twitter.com\/widgets.js\" charset=\"utf-8\"><\/script><\/p>\n<p style=\"text-align: center;\"><a href=\"https:\/\/www.futboltotal.com.mx\/futbol-mexicano\/liga-mx\/erick-gutierrez-estaria-sano-mundial-clubes\/2017\/11\">VER M\u00c1S: Erick Guti\u00e9rrez estar\u00eda sano para el Mundial de Clubes<\/a><\/p>\n","protected":false},"excerpt":{"rendered":"<p>El mediocampista vestir\u00e1 su tercer camiseta en la Liga MX<\/p>\n","protected":false},"author":159,"featured_media":510072,"comment_status":"closed","ping_status":"closed","sticky":false,"template":"","format":"standard","meta":[],"categories":[5,2198,3845],"tags":[70,9028,7226,6109,64,174],"_links":{"self":[{"href":"http:\/\/desarrollo.grupomedios.com\/futbol\/wp-json\/wp\/v2\/posts\/510069"}],"collection":[{"href":"http:\/\/desarrollo.grupomedios.com\/futbol\/wp-json\/wp\/v2\/posts"}],"about":[{"href":"http:\/\/desarrollo.grupomedios.com\/futbol\/wp-json\/wp\/v2\/types\/post"}],"author":[{"embeddable":true,"href":"http:\/\/desarrollo.grupomedios.com\/futbol\/wp-json\/wp\/v2\/users\/159"}],"replies":[{"embeddable":true,"href":"http:\/\/desarrollo.grupomedios.com\/futbol\/wp-json\/wp\/v2\/comments?post=510069"}],"version-history":[{"count":1,"href":"http:\/\/desarrollo.grupomedios.com\/futbol\/wp-json\/wp\/v2\/posts\/510069\/revisions"}],"predecessor-version":[{"id":510074,"href":"http:\/\/desarrollo.grupomedios.com\/futbol\/wp-json\/wp\/v2\/posts\/510069\/revisions\/510074"}],"wp:featuredmedia":[{"embeddable":true,"href":"http:\/\/desarrollo.grupomedios.com\/futbol\/wp-json\/wp\/v2\/media\/510072"}],"wp:attachment":[{"href":"http:\/\/desarrollo.grupomedios.com\/futbol\/wp-json\/wp\/v2\/media?parent=510069"}],"wp:term":[{"taxonomy":"category","embeddable":true,"href":"http:\/\/desarrollo.grupomedios.com\/futbol\/wp-json\/wp\/v2\/categories?post=510069"},{"taxonomy":"post_tag","embeddable":true,"href":"http:\/\/desarrollo.grupomedios.com\/futbol\/wp-json\/wp\/v2\/tags?post=510069"}],"curies":[{"name":"wp","href":"https:\/\/api.w.org\/{rel}","templated":true}]}}