{"id":510070,"date":"2017-11-21T09:33:11","date_gmt":"2017-11-21T15:33:11","guid":{"rendered":"https:\/\/www.futboltotal.com.mx\/?p=510070"},"modified":"2017-11-21T09:33:11","modified_gmt":"2017-11-21T15:33:11","slug":"carlos-vela-regresa-a-convocatoria-la-real-sociedad-europa-league","status":"publish","type":"post","link":"http:\/\/desarrollo.grupomedios.com\/futbol\/futbol-internacional\/carlos-vela-regresa-a-convocatoria-la-real-sociedad-europa-league\/2017\/11","title":{"rendered":"Vela regresa a convocatoria con la Real Sociedad para Europa League"},"content":{"rendered":"<p>El t\u00e9cnico de la <strong>Real Sociedad<\/strong>, <strong>Eusebio Sacrist\u00e1n<\/strong>, ha incluido en la convocatoria para el determinante encuentro de <strong>Europa League<\/strong> ante el <strong>Rosenborg<\/strong> noruego al mexicano <strong>Carlos Vela<\/strong>, que no disput\u00f3 la jornada de liga espa\u00f1ola del pasado fin de semana.<\/p>\n<p>Vela descans\u00f3 tras sufrir una gastroenteritis despu\u00e9s de su participaci\u00f3n en los amistosos con su pa\u00eds en el par\u00f3n liguero de noviembre.<\/p>\n<blockquote class=\"twitter-tweet\" data-data-dnt=\"true\">\n<p lang=\"es\" dir=\"ltr\">\ud83d\udccb Convocatoria para el partido del jueves. GOAZEN REAL!!! <a href=\"https:\/\/twitter.com\/hashtag\/EuropaRS?src=hash&amp;ref_src=twsrc%5Etfw\">#EuropaRS<\/a> <a href=\"https:\/\/twitter.com\/hashtag\/UEL?src=hash&amp;ref_src=twsrc%5Etfw\">#UEL<\/a> <a href=\"https:\/\/twitter.com\/hashtag\/RealSociedad?src=hash&amp;ref_src=twsrc%5Etfw\">#RealSociedad<\/a> <a href=\"https:\/\/t.co\/8HzDjtpMLO\">pic.twitter.com\/8HzDjtpMLO<\/a><\/p>\n<p>&mdash; Real Sociedad F\u00fatbol (@RealSociedad) <a href=\"https:\/\/twitter.com\/RealSociedad\/status\/932948304685658113?ref_src=twsrc%5Etfw\">November 21, 2017<\/a><\/p><\/blockquote>\n<p><script async src=\"https:\/\/platform.twitter.com\/widgets.js\" charset=\"utf-8\"><\/script><\/p>\n<p>La presencia del mexicano esta temporada en la Real parece mas testimonial que efectiva, porque no ha marcado ning\u00fan tanto, algo in\u00e9dito a lo largo de su carrera, y en enero dejar\u00e1 el club vasco para jugar en la <strong>MLS<\/strong>.<\/p>\n<p>La Real Sociedad necesita ganar al Rosenborg para mantener las esperanzas de ser primero de su grupo en la Liga Europa. Una derrota complicar\u00eda el pase a la siguiente fase. EFE<\/p>\n<p>El encuentro se jugar\u00e1 el jueves en Trondheim. EFE<\/p>\n","protected":false},"excerpt":{"rendered":"<p>El mexicano no hab\u00eda sido convocado para la competencia europea.<\/p>\n","protected":false},"author":129,"featured_media":496217,"comment_status":"closed","ping_status":"closed","sticky":false,"template":"","format":"standard","meta":[],"categories":[3857,3839],"tags":[6048,102],"_links":{"self":[{"href":"http:\/\/desarrollo.grupomedios.com\/futbol\/wp-json\/wp\/v2\/posts\/510070"}],"collection":[{"href":"http:\/\/desarrollo.grupomedios.com\/futbol\/wp-json\/wp\/v2\/posts"}],"about":[{"href":"http:\/\/desarrollo.grupomedios.com\/futbol\/wp-json\/wp\/v2\/types\/post"}],"author":[{"embeddable":true,"href":"http:\/\/desarrollo.grupomedios.com\/futbol\/wp-json\/wp\/v2\/users\/129"}],"replies":[{"embeddable":true,"href":"http:\/\/desarrollo.grupomedios.com\/futbol\/wp-json\/wp\/v2\/comments?post=510070"}],"version-history":[{"count":1,"href":"http:\/\/desarrollo.grupomedios.com\/futbol\/wp-json\/wp\/v2\/posts\/510070\/revisions"}],"predecessor-version":[{"id":510071,"href":"http:\/\/desarrollo.grupomedios.com\/futbol\/wp-json\/wp\/v2\/posts\/510070\/revisions\/510071"}],"wp:featuredmedia":[{"embeddable":true,"href":"http:\/\/desarrollo.grupomedios.com\/futbol\/wp-json\/wp\/v2\/media\/496217"}],"wp:attachment":[{"href":"http:\/\/desarrollo.grupomedios.com\/futbol\/wp-json\/wp\/v2\/media?parent=510070"}],"wp:term":[{"taxonomy":"category","embeddable":true,"href":"http:\/\/desarrollo.grupomedios.com\/futbol\/wp-json\/wp\/v2\/categories?post=510070"},{"taxonomy":"post_tag","embeddable":true,"href":"http:\/\/desarrollo.grupomedios.com\/futbol\/wp-json\/wp\/v2\/tags?post=510070"}],"curies":[{"name":"wp","href":"https:\/\/api.w.org\/{rel}","templated":true}]}}