{"id":510084,"date":"2017-11-21T10:38:00","date_gmt":"2017-11-21T16:38:00","guid":{"rendered":"https:\/\/www.futboltotal.com.mx\/?p=510084"},"modified":"2017-11-21T10:38:00","modified_gmt":"2017-11-21T16:38:00","slug":"river-plate-insiste-en-quitarle-al-america-a-silvio-romero","status":"publish","type":"post","link":"http:\/\/desarrollo.grupomedios.com\/futbol\/futbol-mexicano\/river-plate-insiste-en-quitarle-al-america-a-silvio-romero\/2017\/11","title":{"rendered":"River Plate insiste en quitarle al Am\u00e9rica a Silvio Romero"},"content":{"rendered":"<p><strong>POR: STAFF FT<\/strong><\/p>\n<p>El cuadro de<strong> River Plate<\/strong> ya piensa en c\u00f3mo armarse para el 2018 y tiene en la mira al delantero de las <strong>\u00c1guilas del Am\u00e9rica , Silvio Romero<\/strong>, quien est\u00e1 pensado por el estratega,\u00a0<strong>Marcelo Gallardo<\/strong> como refuerzo para la <strong>Copa Libertadores<\/strong> que van a encarar, pues desea que lleguen a su plantilla dos atacantes y las negociaciones no ser\u00edan problema para ninguno de los dos equipos.<\/p>\n<p>De acuerdo con TyC Sports el cuadro de <strong>River Plate<\/strong> desea dos delanteros y tiene solamente dos nombres, lo que hace suponer que buscar\u00e1 fichar a ambos delanteros, uno es\u00a0<strong>Lucas Pratto, de San Pablo<\/strong>, y\u00a0 el otro <strong>Silvio Romero, de las \u00c1guilas del Am\u00e9rica<\/strong>, este \u00faltimo ya ha estado en su radar antes pero todo parece indicar que en esta ocasi\u00f3n se dar\u00eda el momento para lograr llegar a un acuerdo por ambas partes.<\/p>\n<p style=\"text-align: center;\"><a href=\"https:\/\/www.futboltotal.com.mx\/futbol-mexicano\/liga-mx\/carlos-fierro-dejaria-chivas-para-llegar-a-cruz-azul\/2017\/11\">VER M\u00c1S: Carlos Fierro dejar\u00eda Chivas para llegar a Cruz Azul<\/a><\/p>\n<p>Algo que le llama la atenci\u00f3n al cuadro argentino es que el futbolista <strong>no tiene cl\u00e1usula de\u00a0rescisi\u00f3n<\/strong> activa en su contrato y tienen de conocimiento que la directiva de Coapa est\u00e1 dispuesta a dialogar, pues el principal problema para River Plate son las <strong>pretensiones econ\u00f3micas<\/strong>, pues consideran que son muy altas y desean llegar a un acuerdo.<\/p>\n<p><strong>Silvio Romero<\/strong> jug\u00f3 15 encuentros del actual<strong> Apertura 2017<\/strong> y anot\u00f3 <strong>3 goles<\/strong> y dio<strong> 3 asistencias<\/strong>, en el torneo de la <strong>Copa MX<\/strong> de igual manera logr\u00f3 <strong>3 anotaciones<\/strong>, su rendimiento ha sido cuestionado por los aficionados de las \u00c1guilas, pues cuando lleg\u00f3 en el <strong>Apertura 2016<\/strong> logr\u00f3 <strong>10 anotaciones<\/strong> y en los \u00faltimos dos torneos apenas ha metido <strong>5 goles<\/strong>.<\/p>\n<p style=\"text-align: center;\"><a href=\"https:\/\/www.futboltotal.com.mx\/futbol-internacional\/liga-de-espana\/mauro-icardi-le-robara-lugar-a-benzema-en-real-madrid\/2017\/11\">VER M\u00c1S: Mauro Icardi le robar\u00e1 el lugar a Benzema en el Real Madrid<\/a><\/p>\n","protected":false},"excerpt":{"rendered":"<p>El delantero argentino podr\u00eda salir del cuadro azulcrema<\/p>\n","protected":false},"author":159,"featured_media":510086,"comment_status":"closed","ping_status":"closed","sticky":false,"template":"","format":"standard","meta":[],"categories":[2198,3845],"tags":[5959,64,164,6803],"_links":{"self":[{"href":"http:\/\/desarrollo.grupomedios.com\/futbol\/wp-json\/wp\/v2\/posts\/510084"}],"collection":[{"href":"http:\/\/desarrollo.grupomedios.com\/futbol\/wp-json\/wp\/v2\/posts"}],"about":[{"href":"http:\/\/desarrollo.grupomedios.com\/futbol\/wp-json\/wp\/v2\/types\/post"}],"author":[{"embeddable":true,"href":"http:\/\/desarrollo.grupomedios.com\/futbol\/wp-json\/wp\/v2\/users\/159"}],"replies":[{"embeddable":true,"href":"http:\/\/desarrollo.grupomedios.com\/futbol\/wp-json\/wp\/v2\/comments?post=510084"}],"version-history":[{"count":1,"href":"http:\/\/desarrollo.grupomedios.com\/futbol\/wp-json\/wp\/v2\/posts\/510084\/revisions"}],"predecessor-version":[{"id":510088,"href":"http:\/\/desarrollo.grupomedios.com\/futbol\/wp-json\/wp\/v2\/posts\/510084\/revisions\/510088"}],"wp:featuredmedia":[{"embeddable":true,"href":"http:\/\/desarrollo.grupomedios.com\/futbol\/wp-json\/wp\/v2\/media\/510086"}],"wp:attachment":[{"href":"http:\/\/desarrollo.grupomedios.com\/futbol\/wp-json\/wp\/v2\/media?parent=510084"}],"wp:term":[{"taxonomy":"category","embeddable":true,"href":"http:\/\/desarrollo.grupomedios.com\/futbol\/wp-json\/wp\/v2\/categories?post=510084"},{"taxonomy":"post_tag","embeddable":true,"href":"http:\/\/desarrollo.grupomedios.com\/futbol\/wp-json\/wp\/v2\/tags?post=510084"}],"curies":[{"name":"wp","href":"https:\/\/api.w.org\/{rel}","templated":true}]}}