{"id":510089,"date":"2017-11-21T11:02:02","date_gmt":"2017-11-21T17:02:02","guid":{"rendered":"https:\/\/www.futboltotal.com.mx\/?p=510089"},"modified":"2017-11-21T11:02:02","modified_gmt":"2017-11-21T17:02:02","slug":"america-descarta-el-fichaje-de-raul-ruidiaz","status":"publish","type":"post","link":"http:\/\/desarrollo.grupomedios.com\/futbol\/futbol-mexicano\/america-descarta-el-fichaje-de-raul-ruidiaz\/2017\/11","title":{"rendered":"Am\u00e9rica descarta el fichaje de Ra\u00fal Ruid\u00edaz"},"content":{"rendered":"<p><strong>POR: STAFF FT<\/strong><\/p>\n<p>En las \u00faltimas semanas se habl\u00f3 del posible inter\u00e9s que ten\u00edan las <strong>\u00c1guilas del Am\u00e9rica<\/strong> para hacerse con el delantero peruano de <strong>Monarcas Morelia<\/strong>,\u00a0<strong>Ra\u00fal Ruid\u00edaz<\/strong> e incluso se lleg\u00f3 a hablar que ped\u00edan mucho dinero por \u00e9l, sin embargo, la directiva azulcrema ha salido a desmentir tal inter\u00e9s y todo parece ser que se descartar\u00e1 como refuerzo para el <strong>Clausura 2018.<\/strong><\/p>\n<p>De acuerdo a declaraciones hechas por Santiago Ba\u00f1os, presidente deportivo de Am\u00e9rica, para Diario Depor de Per\u00fa, indic\u00f3 que no es una prioridad para ellos el delantero peruano: &#8220;tengo entendido que en la \u00faltimas horas son\u00f3 con fuerza esa posibilidad, pero a pesar de que <strong>Ra\u00fal Ruid\u00edaz es un gran delantero, debo confesarte que tenemos otras prioridades en el equipo<\/strong>&#8220;, expres\u00f3.<\/p>\n<p style=\"text-align: center;\"><a href=\"https:\/\/www.futboltotal.com.mx\/futbol-mexicano\/liga-mx\/river-plate-se-llevaria-a-marcelo-barovero-o-nahuel-guzman\/2017\/11\">VER M\u00c1S: River Plate se llevar\u00eda a Marcelo Barovero o Nahuel Guzm\u00e1n<\/a><\/p>\n<p>Incluso, Ba\u00f1os fue m\u00e1s tajante e indic\u00f3 dos cosas que pr\u00e1cticamente descartan un posible acercamiento en el futuro inmediato con el jugador;\u00a0&#8220;Desde que yo estoy en este cargo <strong>nunca se baraj\u00f3 la posibilidad de contar con<\/strong>\u00a0<b>Ruid\u00edaz<\/b>.\u00a0La verdad es que no hemos buscado a ning\u00fan jugador de esa nacionalidad&#8221;, puntualiz\u00f3.<\/p>\n<p>El <strong>Draft de la Liga MX<\/strong> se llevar\u00e1 a cabo del <strong>8 al 11 de diciembre<\/strong>, plazo en el que las <strong>\u00c1guilas del Am\u00e9rica<\/strong> podr\u00e1n contratar jugadores que se desempe\u00f1en dentro de equipos mexicanos y podr\u00edan hacer movimientos, pero parece que el atacante peruano no ser\u00e1 uno de ellos.<\/p>\n<p style=\"text-align: center;\"><a href=\"https:\/\/www.futboltotal.com.mx\/futbol-internacional\/liga-de-espana\/mauro-icardi-le-robara-lugar-a-benzema-en-real-madrid\/2017\/11\">VER M\u00c1S: Mauro Icardi le robar\u00e1 el lugar a Benzema en el Real Madrid<\/a><\/p>\n<p>&nbsp;<\/p>\n","protected":false},"excerpt":{"rendered":"<p>El delantero peruano no est\u00e1 en la mira de las \u00c1guilas <\/p>\n","protected":false},"author":159,"featured_media":510090,"comment_status":"closed","ping_status":"closed","sticky":false,"template":"","format":"standard","meta":[],"categories":[2198,3845],"tags":[5959,64,784,7620],"_links":{"self":[{"href":"http:\/\/desarrollo.grupomedios.com\/futbol\/wp-json\/wp\/v2\/posts\/510089"}],"collection":[{"href":"http:\/\/desarrollo.grupomedios.com\/futbol\/wp-json\/wp\/v2\/posts"}],"about":[{"href":"http:\/\/desarrollo.grupomedios.com\/futbol\/wp-json\/wp\/v2\/types\/post"}],"author":[{"embeddable":true,"href":"http:\/\/desarrollo.grupomedios.com\/futbol\/wp-json\/wp\/v2\/users\/159"}],"replies":[{"embeddable":true,"href":"http:\/\/desarrollo.grupomedios.com\/futbol\/wp-json\/wp\/v2\/comments?post=510089"}],"version-history":[{"count":1,"href":"http:\/\/desarrollo.grupomedios.com\/futbol\/wp-json\/wp\/v2\/posts\/510089\/revisions"}],"predecessor-version":[{"id":510091,"href":"http:\/\/desarrollo.grupomedios.com\/futbol\/wp-json\/wp\/v2\/posts\/510089\/revisions\/510091"}],"wp:featuredmedia":[{"embeddable":true,"href":"http:\/\/desarrollo.grupomedios.com\/futbol\/wp-json\/wp\/v2\/media\/510090"}],"wp:attachment":[{"href":"http:\/\/desarrollo.grupomedios.com\/futbol\/wp-json\/wp\/v2\/media?parent=510089"}],"wp:term":[{"taxonomy":"category","embeddable":true,"href":"http:\/\/desarrollo.grupomedios.com\/futbol\/wp-json\/wp\/v2\/categories?post=510089"},{"taxonomy":"post_tag","embeddable":true,"href":"http:\/\/desarrollo.grupomedios.com\/futbol\/wp-json\/wp\/v2\/tags?post=510089"}],"curies":[{"name":"wp","href":"https:\/\/api.w.org\/{rel}","templated":true}]}}