{"id":510092,"date":"2017-11-21T11:56:52","date_gmt":"2017-11-21T17:56:52","guid":{"rendered":"https:\/\/www.futboltotal.com.mx\/?p=510092"},"modified":"2017-11-21T11:56:52","modified_gmt":"2017-11-21T17:56:52","slug":"jesus-corona-halagado-interes-chivas-almeyda","status":"publish","type":"post","link":"http:\/\/desarrollo.grupomedios.com\/futbol\/futbol-mexicano\/jesus-corona-halagado-interes-chivas-almeyda\/2017\/11","title":{"rendered":"Jes\u00fas Corona, halagado por inter\u00e9s de Chivas y Almeyda"},"content":{"rendered":"<p><strong>POR: STAFF FT<\/strong><\/p>\n<p>Al guardameta de <strong>Cruz Azul<\/strong>,<strong> Jos\u00e9 de\u00a0<\/strong><b>Jes\u00fas Corona,\u00a0<\/b>tiene seis meses de contrato restantes y se ha abierto una posibilidad para salir del cuadro cementero, pues el cuadro de\u00a0<b>Mat\u00edas Almeyda\u00a0<\/b>se ha fijado en \u00e9l para ser el posible sustituto ante la virtual salida de <strong>Rodolfo Cota<\/strong>, quien regresar\u00eda a <strong>Pachuca<\/strong>. El meta del Azul se sinti\u00f3 halagado por el inter\u00e9s y lo hizo p\u00fablico.<\/p>\n<p>&#8220;Se han escuchado rumores, se mencion\u00f3 mi nombre y para m\u00ed<b>\u00a0es un halago que un t\u00e9cnico como Mat\u00edas Almeyda me haya nombrado<\/b>\u00a0como posibilidad pero ahora estoy enfocado en <strong>Cruz Azul<\/strong> y ayudar lo m\u00e1s que se pueda a la instituci\u00f3n. Ya veremos qu\u00e9 pasa en el torneo que lo tienen que ver las directivas&#8221;, extern\u00f3.<\/p>\n<p style=\"text-align: center;\"><a href=\"https:\/\/www.futboltotal.com.mx\/futbol-mexicano\/liga-mx\/river-plate-insiste-en-quitarle-al-america-a-silvio-romero\/2017\/11\">VER M\u00c1S: River Plate insiste en quitarle al Am\u00e9rica a Silvio Romero<\/a><\/p>\n<p>Sin embargo, aclar\u00f3 que el acercamiento no ha llegado a ser formal, por lo que al momento est\u00e1 enfocado en la liguilla con la M\u00e1quina y terminar el torneo de buena forma.<\/p>\n<p>&#8220;<strong>Con respecto al tema Chivas estoy tranquilo<\/strong> porque sabemos que en esta profesi\u00f3n uno est\u00e1 expuesto a cambiar de rumbo. No depende 100 por ciento del jugador, sabemos que es un tema de directivas y como lo dije es un halago.\u00a0<b>Quedan seis meses de contrato no he hablado con la directiva<\/b>, estoy tranquilo y quiero terminar bien el torneo. <strong>No lo descarto<\/strong>&#8220;.<\/p>\n<p style=\"text-align: center;\"><a href=\"https:\/\/www.futboltotal.com.mx\/futbol-internacional\/liga-de-espana\/mauro-icardi-le-robara-lugar-a-benzema-en-real-madrid\/2017\/11\">VER M\u00c1S: Mauro Icardi le robar\u00e1 el lugar a Benzema en el Real Madrid<\/a><\/p>\n<p>&nbsp;<\/p>\n<p>&nbsp;<\/p>\n","protected":false},"excerpt":{"rendered":"<p>El guardameta cementero no descarta salir del club<\/p>\n","protected":false},"author":159,"featured_media":510095,"comment_status":"closed","ping_status":"closed","sticky":false,"template":"","format":"standard","meta":[],"categories":[2198,3845],"tags":[70,5962,5443,64,1420],"_links":{"self":[{"href":"http:\/\/desarrollo.grupomedios.com\/futbol\/wp-json\/wp\/v2\/posts\/510092"}],"collection":[{"href":"http:\/\/desarrollo.grupomedios.com\/futbol\/wp-json\/wp\/v2\/posts"}],"about":[{"href":"http:\/\/desarrollo.grupomedios.com\/futbol\/wp-json\/wp\/v2\/types\/post"}],"author":[{"embeddable":true,"href":"http:\/\/desarrollo.grupomedios.com\/futbol\/wp-json\/wp\/v2\/users\/159"}],"replies":[{"embeddable":true,"href":"http:\/\/desarrollo.grupomedios.com\/futbol\/wp-json\/wp\/v2\/comments?post=510092"}],"version-history":[{"count":1,"href":"http:\/\/desarrollo.grupomedios.com\/futbol\/wp-json\/wp\/v2\/posts\/510092\/revisions"}],"predecessor-version":[{"id":510096,"href":"http:\/\/desarrollo.grupomedios.com\/futbol\/wp-json\/wp\/v2\/posts\/510092\/revisions\/510096"}],"wp:featuredmedia":[{"embeddable":true,"href":"http:\/\/desarrollo.grupomedios.com\/futbol\/wp-json\/wp\/v2\/media\/510095"}],"wp:attachment":[{"href":"http:\/\/desarrollo.grupomedios.com\/futbol\/wp-json\/wp\/v2\/media?parent=510092"}],"wp:term":[{"taxonomy":"category","embeddable":true,"href":"http:\/\/desarrollo.grupomedios.com\/futbol\/wp-json\/wp\/v2\/categories?post=510092"},{"taxonomy":"post_tag","embeddable":true,"href":"http:\/\/desarrollo.grupomedios.com\/futbol\/wp-json\/wp\/v2\/tags?post=510092"}],"curies":[{"name":"wp","href":"https:\/\/api.w.org\/{rel}","templated":true}]}}