{"id":510136,"date":"2017-11-21T16:54:39","date_gmt":"2017-11-21T22:54:39","guid":{"rendered":"https:\/\/www.futboltotal.com.mx\/?p=510136"},"modified":"2017-11-21T16:54:39","modified_gmt":"2017-11-21T22:54:39","slug":"monaco-1-4-rb-leipzig-uefa-champions-league-2017-resumen","status":"publish","type":"post","link":"http:\/\/desarrollo.grupomedios.com\/futbol\/futbol-internacional\/monaco-1-4-rb-leipzig-uefa-champions-league-2017-resumen\/2017\/11","title":{"rendered":"RB Leipzeig baila al M\u00f3naco y se mete a la pelea con el Porto"},"content":{"rendered":"<p>Dos groseros errores del central brasile\u00f1o<strong> Jemerson<\/strong> nada m\u00e1s comenzar el partido enterraron las opciones del <strong>M\u00f3naco<\/strong> de pasar la fase de grupos de la <strong>Champions League<\/strong>, humillado por la frescura de los j\u00f3venes talentos del <strong>RB Leipzig<\/strong> (1-4).<\/p>\n<p>Poco tiene que ver este M\u00f3naco con el que el a\u00f1o pasado deslumbr\u00f3 a Europa de la mano de nombres como Bakayoko, Mendy, Bernardo Silva o un tal Mbapp\u00e9, que ya no siguen en el Principado.<\/p>\n<p>Esas ausencias, a las que en este partido se sumaron las de hombres clave como Sidib\u00e9 o Lemar, no acaban de explicar del todo el baj\u00f3n experimentado por los pupilos de Leonardo Jardim, que, encuadrados en un grupo asequible (junto al Besiktas y el Oporto), no podr\u00e1n siquiera optar a la tercera plaza en la \u00faltima jornada.<\/p>\n<p style=\"text-align: center;\"><span style=\"color: #3366ff;\"><a href=\"https:\/\/www.futboltotal.com.mx\/futbol-internacional\/champions-league\/besiktas-1-1-porto-champions-league-2017-resumen\/2017\/11\">VER M\u00c1S:Besiktas y Porto dividen puntos en el infierno turco<\/a><\/span><\/p>\n<blockquote class=\"twitter-tweet\" data-data-dnt=\"true\">\n<p lang=\"en\" dir=\"ltr\">WHAT A WIN! \ud83d\ude4c <a href=\"https:\/\/twitter.com\/hashtag\/DieRotenBullen?src=hash&amp;ref_src=twsrc%5Etfw\">#DieRotenBullen<\/a> guarantee third place in Group G, but the <a href=\"https:\/\/twitter.com\/ChampionsLeague?ref_src=twsrc%5Etfw\">@ChampionsLeague<\/a> dream is very much alive. Well done, boys \ud83d\udd34\u26aa\ufe0f<a href=\"https:\/\/twitter.com\/hashtag\/ExpeditionEuropa?src=hash&amp;ref_src=twsrc%5Etfw\">#ExpeditionEuropa<\/a> <a href=\"https:\/\/twitter.com\/hashtag\/UCL?src=hash&amp;ref_src=twsrc%5Etfw\">#UCL<\/a> <a href=\"https:\/\/twitter.com\/hashtag\/ASMRBL?src=hash&amp;ref_src=twsrc%5Etfw\">#ASMRBL<\/a> 1-4 <a href=\"https:\/\/t.co\/rcH40XLDdf\">pic.twitter.com\/rcH40XLDdf<\/a><\/p>\n<p>&mdash; RB Leipzig English (@RBLeipzig_EN) <a href=\"https:\/\/twitter.com\/RBLeipzig_EN\/status\/933086708509356032?ref_src=twsrc%5Etfw\">November 21, 2017<\/a><\/p><\/blockquote>\n<p><script async src=\"https:\/\/platform.twitter.com\/widgets.js\" charset=\"utf-8\"><\/script><\/p>\n<p>Frente a ellos compareci\u00f3 el Leipzig, que bien podr\u00eda estar llamado a recoger el testigo del propio M\u00f3naco como equipo revelaci\u00f3n.<\/p>\n<p>Los alemanes, que marchan terceros en la Bundesliga, se jugar\u00e1n el pase en el pr\u00f3ximo partido contra el Oporto, pero ya han exhibido a su ramillete de promesas, al frente de los cuales hay jugadores con tan buena pinta como Timo Werner, el sueco Forsberg y el guineano Naby Keita, fichado por el Liverpool para el a\u00f1o que viene.<\/p>\n<p>Falto de tensi\u00f3n y preso de las dudas, el M\u00f3naco tard\u00f3 poco tiempo en hacerse el harakiri y acabar con las pocas opciones que a\u00fan conservaba de alcanzar los octavos. En el minuto 6, el brasile\u00f1o Jemerson desvi\u00f3 a su propia porter\u00eda un centro de Sabitzer desde la derecha tras una buena triangulaci\u00f3n del Leipzig en su medio campo.<\/p>\n<p style=\"text-align: center;\"><span style=\"color: #3366ff;\"><a href=\"https:\/\/www.futboltotal.com.mx\/futbol-internacional\/champions-league\/apoel-0-real-madrid-6-champions-league-2017-resumen\/2017\/11\">VER M\u00c1S: Real Madrid aplasta al APOEL gracias a Ronaldo y Benzema<\/a><\/span><\/p>\n<p>La cara desencajada del central dejaba entrever su convulso estado an\u00edmico, que no tard\u00f3 en volver a manifestarse. S\u00f3lo tres minutos despu\u00e9s, el central regal\u00f3 el bal\u00f3n a Kampl, que no desaprovech\u00f3 la d\u00e1diva y se la cedi\u00f3 a Werner para que \u00e9ste metiese su primer gol.<\/p>\n<p>Sin gobierno en el centro del campo, con una delantera a la deriva en la que Falcao guerreaba como pod\u00eda y, sobre todo, con una defensa al borde del colapso nervioso, el M\u00f3naco apenas cre\u00f3 peligro en los primeros minutos salvo en un acercamiento del canterano del FC Barcelona Keita Bald\u00e9.<\/p>\n<p><iframe loading=\"lazy\" src=\"https:\/\/www.youtube.com\/embed\/3AemuWU3rck?feature=oembed\" frameborder=\"0\" gesture=\"media\" allowfullscreen><\/iframe><\/p>\n<p>El clavo en su ata\u00fad lo puso Falcao al cometer un penalti clar\u00edsimo sobre Orban en un c\u00f3rner muy mal defendido por los monegascos y que Werner se encarg\u00f3 de transformar.<\/p>\n<p>Ni siquiera sirvi\u00f3 el gol del propio colombiano poco antes del descanso al aprovechar la mala salida del portero alem\u00e1n Gulacsi tras el saque de una falta.<\/p>\n<p>Naby Keita, inmenso en el eje todo el partido, recibi\u00f3 un bal\u00f3n de espaldas en la frontal del \u00e1rea y su giro sobre si mismo hizo crujir al un\u00edsono las cinturas de todos los defensores del M\u00f3naco, antes de embocar a gol.<\/p>\n<p>El espa\u00f1ol Undiano Mallenco mand\u00f3 a los vestuarios a ambos equipos nada m\u00e1s marcar el Leipzig su cuarto gol y acabar as\u00ed con cualquier incertidumbre sobre el resultado final.<\/p>\n<p>La segunda parte fue ante todo un recital de patadas a destiempo propinadas por los monegascos, que no pod\u00edan esconder su frustraci\u00f3n ante un rival muy superior.<\/p>\n<p>Apenas alguna ocasi\u00f3n aislada del Leipzig consigui\u00f3 aliviar el sopor de dos equipos que durante 45 minutos suspiraron por que el \u00e1rbitro pitase el final.<\/p>\n<p>&nbsp;<\/p>\n","protected":false},"excerpt":{"rendered":"<p>Los alemanes ya pelean por el pase al equipo de los mexicanos.<\/p>\n","protected":false},"author":129,"featured_media":510144,"comment_status":"closed","ping_status":"closed","sticky":false,"template":"","format":"standard","meta":[],"categories":[3841,3839],"tags":[36,6214,6093,7616],"_links":{"self":[{"href":"http:\/\/desarrollo.grupomedios.com\/futbol\/wp-json\/wp\/v2\/posts\/510136"}],"collection":[{"href":"http:\/\/desarrollo.grupomedios.com\/futbol\/wp-json\/wp\/v2\/posts"}],"about":[{"href":"http:\/\/desarrollo.grupomedios.com\/futbol\/wp-json\/wp\/v2\/types\/post"}],"author":[{"embeddable":true,"href":"http:\/\/desarrollo.grupomedios.com\/futbol\/wp-json\/wp\/v2\/users\/129"}],"replies":[{"embeddable":true,"href":"http:\/\/desarrollo.grupomedios.com\/futbol\/wp-json\/wp\/v2\/comments?post=510136"}],"version-history":[{"count":1,"href":"http:\/\/desarrollo.grupomedios.com\/futbol\/wp-json\/wp\/v2\/posts\/510136\/revisions"}],"predecessor-version":[{"id":510147,"href":"http:\/\/desarrollo.grupomedios.com\/futbol\/wp-json\/wp\/v2\/posts\/510136\/revisions\/510147"}],"wp:featuredmedia":[{"embeddable":true,"href":"http:\/\/desarrollo.grupomedios.com\/futbol\/wp-json\/wp\/v2\/media\/510144"}],"wp:attachment":[{"href":"http:\/\/desarrollo.grupomedios.com\/futbol\/wp-json\/wp\/v2\/media?parent=510136"}],"wp:term":[{"taxonomy":"category","embeddable":true,"href":"http:\/\/desarrollo.grupomedios.com\/futbol\/wp-json\/wp\/v2\/categories?post=510136"},{"taxonomy":"post_tag","embeddable":true,"href":"http:\/\/desarrollo.grupomedios.com\/futbol\/wp-json\/wp\/v2\/tags?post=510136"}],"curies":[{"name":"wp","href":"https:\/\/api.w.org\/{rel}","templated":true}]}}