{"id":510148,"date":"2017-11-21T17:14:03","date_gmt":"2017-11-21T23:14:03","guid":{"rendered":"https:\/\/www.futboltotal.com.mx\/?p=510148"},"modified":"2017-11-21T17:14:03","modified_gmt":"2017-11-21T23:14:03","slug":"jorge-chaton-enriquez-regresa-a-chivas","status":"publish","type":"post","link":"http:\/\/desarrollo.grupomedios.com\/futbol\/futbol-mexicano\/jorge-chaton-enriquez-regresa-a-chivas\/2017\/11","title":{"rendered":"Jorge &#8216;Chat\u00f3n&#8217; Enr\u00edquez regresa a Chivas"},"content":{"rendered":"<p><strong>POR: STAFF FT<\/strong><\/p>\n<p>El mediocampista,\u00a0<strong>Jorge \u2018Chat\u00f3n\u2019 Enr\u00edquez<\/strong> ha concluido su pr\u00e9stamo con el <strong>Santos Laguna<\/strong> y tendr\u00e1 que reportar con <strong>Chivas de Guadalajara<\/strong> a partir del 17 de diciembre, pues su carta sigue perteneciendo a los <strong>Rojiblancos.<\/strong><\/p>\n<p>Enr\u00edquez ha sido prestado por el cuadro del Reba\u00f1o en los \u00faltimos dos a\u00f1os, primero se march\u00f3 al <strong>Club Le\u00f3n<\/strong> y despu\u00e9s a <strong>Tepic<\/strong> en el <strong>Ascenso MX<\/strong> para finalmente jugar con <strong>Santos Laguna<\/strong>, con quien ya no estar\u00e1 para el <strong>Clausura 2018<\/strong>, por lo que debe reportar con los de Guadalajara para que decidan qu\u00e9 proceder\u00e1 con el futbolista.<\/p>\n<p style=\"text-align: center;\"><a href=\"https:\/\/www.futboltotal.com.mx\/futbol-mexicano\/liga-mx\/river-plate-insiste-en-quitarle-al-america-a-silvio-romero\/2017\/11\">VER M\u00c1S: River Plate insiste en quitarle al Am\u00e9rica a Silvio Romero<\/a><\/p>\n<p><strong>Mat\u00edas Almeyda<\/strong> no se ha pronunciado al respecto, pero en caso de no contar con el jugador podr\u00eda ser cedido de nueva cuenta a otro equipo en el Draft, ya sea del Ascenso o de la Liga MX. &#8216;Chat\u00f3n&#8217; jug\u00f3 de 2010 a 2015 en Chivas y en caso de quedarse en la instituci\u00f3n vivir\u00eda su segunda etapa con el cuadro Rojiblanco.<\/p>\n<p>Por otra parte, el guardameta\u00a0<strong>Jos\u00e9 Antonio Rodr\u00edguez<\/strong> tambi\u00e9n regresar\u00eda a la instituci\u00f3n tapat\u00eda, luego de sus dos pr\u00e9stamos al<strong> Club Le\u00f3n<\/strong> y <strong>Xolos de Tijuana<\/strong>, por lo que tambi\u00e9n debe reportar con Chivas, que iniciar\u00e1 pretemporada el 17 de diciembre en Canc\u00fan para posteriormente hacer una pausa navide\u00f1a y regresar al mismo lugar del 26 al 30.<\/p>\n<p style=\"text-align: center;\"><a href=\"https:\/\/www.futboltotal.com.mx\/futbol-internacional\/champions-league\/apoel-0-real-madrid-6-champions-league-2017-resumen\/2017\/11\">VER M\u00c1S: Real Madrid aplasta al APOEL gracias a Ronaldo y Benzema<\/a><\/p>\n","protected":false},"excerpt":{"rendered":"<p>El mediocampista y el guardameta deber\u00e1n regresar con el Reba\u00f1o<\/p>\n","protected":false},"author":159,"featured_media":510151,"comment_status":"closed","ping_status":"closed","sticky":false,"template":"","format":"standard","meta":[],"categories":[2198,3845],"tags":[70,890,5335,174,1555],"_links":{"self":[{"href":"http:\/\/desarrollo.grupomedios.com\/futbol\/wp-json\/wp\/v2\/posts\/510148"}],"collection":[{"href":"http:\/\/desarrollo.grupomedios.com\/futbol\/wp-json\/wp\/v2\/posts"}],"about":[{"href":"http:\/\/desarrollo.grupomedios.com\/futbol\/wp-json\/wp\/v2\/types\/post"}],"author":[{"embeddable":true,"href":"http:\/\/desarrollo.grupomedios.com\/futbol\/wp-json\/wp\/v2\/users\/159"}],"replies":[{"embeddable":true,"href":"http:\/\/desarrollo.grupomedios.com\/futbol\/wp-json\/wp\/v2\/comments?post=510148"}],"version-history":[{"count":1,"href":"http:\/\/desarrollo.grupomedios.com\/futbol\/wp-json\/wp\/v2\/posts\/510148\/revisions"}],"predecessor-version":[{"id":510152,"href":"http:\/\/desarrollo.grupomedios.com\/futbol\/wp-json\/wp\/v2\/posts\/510148\/revisions\/510152"}],"wp:featuredmedia":[{"embeddable":true,"href":"http:\/\/desarrollo.grupomedios.com\/futbol\/wp-json\/wp\/v2\/media\/510151"}],"wp:attachment":[{"href":"http:\/\/desarrollo.grupomedios.com\/futbol\/wp-json\/wp\/v2\/media?parent=510148"}],"wp:term":[{"taxonomy":"category","embeddable":true,"href":"http:\/\/desarrollo.grupomedios.com\/futbol\/wp-json\/wp\/v2\/categories?post=510148"},{"taxonomy":"post_tag","embeddable":true,"href":"http:\/\/desarrollo.grupomedios.com\/futbol\/wp-json\/wp\/v2\/tags?post=510148"}],"curies":[{"name":"wp","href":"https:\/\/api.w.org\/{rel}","templated":true}]}}