{"id":510161,"date":"2017-11-21T18:42:31","date_gmt":"2017-11-22T00:42:31","guid":{"rendered":"https:\/\/www.futboltotal.com.mx\/?p=510161"},"modified":"2017-11-21T18:42:31","modified_gmt":"2017-11-22T00:42:31","slug":"paco-jemez-cruz-azul-la-relacion-esta-terminar","status":"publish","type":"post","link":"http:\/\/desarrollo.grupomedios.com\/futbol\/destacado-home\/paco-jemez-cruz-azul-la-relacion-esta-terminar\/2017\/11","title":{"rendered":"Paco J\u00e9mez y Cruz Azul: la relaci\u00f3n que est\u00e1 por terminar"},"content":{"rendered":"<p><strong>POR: STAFF FT<\/strong><\/p>\n<p>Los d\u00edas de Francisco J\u00e9mez como entrenador de <strong>Cruz Azul<\/strong> est\u00e1n contados. El t\u00e9cnico de <em>La M\u00e1quina<\/em> tiene varias ideas en la mente, pero parece que ninguna tiene que ver con la continuaci\u00f3n de su actual trabajo.<\/p>\n<p><strong>Paco J\u00e9mez<\/strong> tiene contrato hasta diciembre del 2017, y en una entrevista a <em>Marca<\/em> dio a conocer que es muy posible que se tome un semestre &#8220;sab\u00e1tico&#8221;, despu\u00e9s de su participaci\u00f3n en la liguilla con los cementeros.<\/p>\n<p>&#8220;Estoy pensando en parar seis meses, la realidad es que todo lo que hemos vivido aqu\u00ed en M\u00e9xico nos ha dejado pr\u00e1cticamente vac\u00edos&#8221;, se\u00f1al\u00f3 J\u00e9mez.<\/p>\n<p style=\"text-align: center;\"><span style=\"color: #333399;\"><a href=\"https:\/\/www.futboltotal.com.mx\/destacado-home\/la-cabala-une-a-cruz-azul-la-aficion-la-liguilla\/2017\/11\">VER M\u00c1S:\u00a0<span class=\"item-title\">La c\u00e1bala que une a Cruz Azul con la afici\u00f3n para la liguilla<\/span><\/a><\/span><\/p>\n<p>El estratega cementero afirm\u00f3 que su regreso a Espa\u00f1a se dar\u00e1 pronto porque &#8220;quiero ver a mi familia y es una necesidad que tengo&#8221;.<\/p>\n<p>Paco J\u00e9mez ha logrado devolver en una <strong>liguilla<\/strong> a Cruz Azul, despu\u00e9s de seis torneos que los celestes no lograban meterse a las fases finales.<\/p>\n","protected":false},"excerpt":{"rendered":"<p>El t\u00e9cnico espa\u00f1ol se acerca a terminar su ciclo con la M\u00e1quina<\/p>\n","protected":false},"author":160,"featured_media":510162,"comment_status":"closed","ping_status":"closed","sticky":false,"template":"","format":"standard","meta":[],"categories":[5,2198,3845],"tags":[8357,5962,64,1046,7053],"_links":{"self":[{"href":"http:\/\/desarrollo.grupomedios.com\/futbol\/wp-json\/wp\/v2\/posts\/510161"}],"collection":[{"href":"http:\/\/desarrollo.grupomedios.com\/futbol\/wp-json\/wp\/v2\/posts"}],"about":[{"href":"http:\/\/desarrollo.grupomedios.com\/futbol\/wp-json\/wp\/v2\/types\/post"}],"author":[{"embeddable":true,"href":"http:\/\/desarrollo.grupomedios.com\/futbol\/wp-json\/wp\/v2\/users\/160"}],"replies":[{"embeddable":true,"href":"http:\/\/desarrollo.grupomedios.com\/futbol\/wp-json\/wp\/v2\/comments?post=510161"}],"version-history":[{"count":1,"href":"http:\/\/desarrollo.grupomedios.com\/futbol\/wp-json\/wp\/v2\/posts\/510161\/revisions"}],"predecessor-version":[{"id":510163,"href":"http:\/\/desarrollo.grupomedios.com\/futbol\/wp-json\/wp\/v2\/posts\/510161\/revisions\/510163"}],"wp:featuredmedia":[{"embeddable":true,"href":"http:\/\/desarrollo.grupomedios.com\/futbol\/wp-json\/wp\/v2\/media\/510162"}],"wp:attachment":[{"href":"http:\/\/desarrollo.grupomedios.com\/futbol\/wp-json\/wp\/v2\/media?parent=510161"}],"wp:term":[{"taxonomy":"category","embeddable":true,"href":"http:\/\/desarrollo.grupomedios.com\/futbol\/wp-json\/wp\/v2\/categories?post=510161"},{"taxonomy":"post_tag","embeddable":true,"href":"http:\/\/desarrollo.grupomedios.com\/futbol\/wp-json\/wp\/v2\/tags?post=510161"}],"curies":[{"name":"wp","href":"https:\/\/api.w.org\/{rel}","templated":true}]}}