{"id":510164,"date":"2017-11-21T19:18:57","date_gmt":"2017-11-22T01:18:57","guid":{"rendered":"https:\/\/www.futboltotal.com.mx\/?p=510164"},"modified":"2017-11-21T19:18:57","modified_gmt":"2017-11-22T01:18:57","slug":"eduardo-berizzo-sufre-cancer-prostata","status":"publish","type":"post","link":"http:\/\/desarrollo.grupomedios.com\/futbol\/futbol-internacional\/eduardo-berizzo-sufre-cancer-prostata\/2017\/11","title":{"rendered":"Eduardo Berizzo sufre c\u00e1ncer de pr\u00f3stata"},"content":{"rendered":"<p><strong>POR: EFE<\/strong><\/p>\n<p>El entrenador del <strong>Sevilla<\/strong>, el argentino <strong>Eduardo Berizzo<\/strong>, padece un <strong>c\u00e1ncer de\u00a0<span class=\"classCadenaBusqueda\">pr\u00f3stata<\/span><\/strong>\u00a0que se le ha detectado recientemente, desvelan esta noche distintos medios de comunicaci\u00f3n en sus p\u00e1ginas web.<\/p>\n<p>La noticia sobre Berizzo, de 48 a\u00f1os y que lleg\u00f3 esta temporada al Sevilla tras su paso de varias temporadas por el Real Celta, se desvel\u00f3 despu\u00e9s de que su equipo empatara (3-3) esta noche en el estadio Ram\u00f3n S\u00e1nchez ante el Liverpool ingl\u00e9s, de la quinta jornada de la fase de grupo de la Liga de Campeones.<\/p>\n<p style=\"text-align: center;\"><span style=\"color: #333399;\"><a href=\"https:\/\/www.futboltotal.com.mx\/futbol-internacional\/sevilla-3-liverpool-3-champions-league-resumen\/2017\/11\">VER M\u00c1S:\u00a0<span class=\"item-title\">Sevilla logra una \u00e9pica remontada tras ir 0-3 abajo ante Liverpool<\/span><\/a><\/span><\/p>\n<p style=\"text-align: center;\"><span style=\"color: #333399;\">E<\/span>Ni el t\u00e9cnico argentino hizo menci\u00f3n a esa enfermedad en la conferencia de prensa que ofreci\u00f3 tras el partido y ni el Sevilla ha comunicado oficialmente nada sobre el asunto, aunque las informaciones se\u00f1alan que ser\u00e1 en la ma\u00f1ana del mi\u00e9rcoles cuando el club pueda hacer alg\u00fan comunicado al respecto.<\/p>\n<p>Sin embargo, los jugadores habr\u00edan sabido de la noticia durante el juego entre Sevilla y <strong>Liverpool<\/strong>.<\/p>\n","protected":false},"excerpt":{"rendered":"<p>El estratega se habr\u00eda enterado previo al duelo de la Champions League<\/p>\n","protected":false},"author":160,"featured_media":510165,"comment_status":"closed","ping_status":"closed","sticky":false,"template":"","format":"standard","meta":[],"categories":[3841,3839,3844],"tags":[36,9216,1913,49],"_links":{"self":[{"href":"http:\/\/desarrollo.grupomedios.com\/futbol\/wp-json\/wp\/v2\/posts\/510164"}],"collection":[{"href":"http:\/\/desarrollo.grupomedios.com\/futbol\/wp-json\/wp\/v2\/posts"}],"about":[{"href":"http:\/\/desarrollo.grupomedios.com\/futbol\/wp-json\/wp\/v2\/types\/post"}],"author":[{"embeddable":true,"href":"http:\/\/desarrollo.grupomedios.com\/futbol\/wp-json\/wp\/v2\/users\/160"}],"replies":[{"embeddable":true,"href":"http:\/\/desarrollo.grupomedios.com\/futbol\/wp-json\/wp\/v2\/comments?post=510164"}],"version-history":[{"count":1,"href":"http:\/\/desarrollo.grupomedios.com\/futbol\/wp-json\/wp\/v2\/posts\/510164\/revisions"}],"predecessor-version":[{"id":510166,"href":"http:\/\/desarrollo.grupomedios.com\/futbol\/wp-json\/wp\/v2\/posts\/510164\/revisions\/510166"}],"wp:featuredmedia":[{"embeddable":true,"href":"http:\/\/desarrollo.grupomedios.com\/futbol\/wp-json\/wp\/v2\/media\/510165"}],"wp:attachment":[{"href":"http:\/\/desarrollo.grupomedios.com\/futbol\/wp-json\/wp\/v2\/media?parent=510164"}],"wp:term":[{"taxonomy":"category","embeddable":true,"href":"http:\/\/desarrollo.grupomedios.com\/futbol\/wp-json\/wp\/v2\/categories?post=510164"},{"taxonomy":"post_tag","embeddable":true,"href":"http:\/\/desarrollo.grupomedios.com\/futbol\/wp-json\/wp\/v2\/tags?post=510164"}],"curies":[{"name":"wp","href":"https:\/\/api.w.org\/{rel}","templated":true}]}}