{"id":510195,"date":"2017-11-22T10:49:36","date_gmt":"2017-11-22T16:49:36","guid":{"rendered":"https:\/\/www.futboltotal.com.mx\/?p=510195"},"modified":"2017-11-22T10:49:36","modified_gmt":"2017-11-22T16:49:36","slug":"gustavo-bou-quiere-volver-a-racing-jugar-copa-libertadores","status":"publish","type":"post","link":"http:\/\/desarrollo.grupomedios.com\/futbol\/futbol-mexicano\/gustavo-bou-quiere-volver-a-racing-jugar-copa-libertadores\/2017\/11","title":{"rendered":"Gustavo Bou quiere volver a Racing por Copa Libertadores"},"content":{"rendered":"<p><strong>POR: STAFF FT<\/strong><\/p>\n<p>El delantero argentino, <strong>Gustavo Bou<\/strong> quien lleg\u00f3 como refuerzo de<strong> Xolos de Tijuana<\/strong> para el <strong>Apertura 2017<\/strong>, desea regresar a <strong>Racing de Avellaneda<\/strong> por la oportunidad de jugar la <strong>Copa Libertadores<\/strong> con el cuadro de la Academia:\u00a0<strong>&#8220;Obvio que volver\u00eda a pr\u00e9stamo para jugar la Copa Libertadores. Es la espina que me qued\u00f3. Si se ponen de acuerdo y tengo que volver estar\u00eda muy feliz&#8221;,\u00a0<\/strong>destac\u00f3 el futbolista que apenas lleva seis meses jugando en la Liga MX, donde el equipo fronterizo no logr\u00f3 calificar a la liguilla.<\/p>\n<p style=\"text-align: center;\"><a href=\"https:\/\/www.futboltotal.com.mx\/futbol-mexicano\/liga-mx\/dayro-moreno-nuevo-refuerzo-pumas\/2017\/11\">VER M\u00c1S: Dayro Moreno ser\u00eda nuevo refuerzo de Pumas<\/a><\/p>\n<p>En entrevista con\u00a0radio Mitre, la<strong> Pantera<\/strong> se mostr\u00f3 con la disposici\u00f3n de regresar con el equipo argentino, sin embargo este hecho est\u00e1 lejos de darse pues <strong>Xolos<\/strong> a\u00fan no termina de pagar en su totalidad al futbolista, por lo que primero debe concluirse ese tr\u00e1mite para darse un posible pr\u00e9stamo con los de <strong>Avellaneda<\/strong>, lo que llama la atenci\u00f3n es que manifieste este deseo a tan pocos meses de haber recalado en el balompi\u00e9 azteca.<\/p>\n<p>De igual forma Bou se refiri\u00f3 a lo que ha vivido en la Liga MX, donde se encontr\u00f3 con un buen nivel:\u00a0<strong>&#8220;Todos dec\u00edan que el f\u00fatbol mexicano iba a ser f\u00e1cil, pero no lo es. Estoy contento con mi adaptaci\u00f3n&#8221;,\u00a0<\/strong>el delantero argentino anot\u00f3 7 goles en el campeonato que acaba de culminar.<\/p>\n<p style=\"text-align: center;\"><a href=\"https:\/\/www.futboltotal.com.mx\/futbol-mexicano\/liga-mx\/erick-gutierrez-no-estara-en-mundial-clubes\/2017\/11\">VER M\u00c1S: Erick Guti\u00e9rrez no estar\u00e1 en el Mundial de Clubes<\/a><\/p>\n<p>&nbsp;<\/p>\n","protected":false},"excerpt":{"rendered":"<p>El delantero argentino desea regresar al futbol argentino<\/p>\n","protected":false},"author":159,"featured_media":510196,"comment_status":"closed","ping_status":"closed","sticky":false,"template":"","format":"standard","meta":[],"categories":[2198,3845],"tags":[8666,64,2008,1555],"_links":{"self":[{"href":"http:\/\/desarrollo.grupomedios.com\/futbol\/wp-json\/wp\/v2\/posts\/510195"}],"collection":[{"href":"http:\/\/desarrollo.grupomedios.com\/futbol\/wp-json\/wp\/v2\/posts"}],"about":[{"href":"http:\/\/desarrollo.grupomedios.com\/futbol\/wp-json\/wp\/v2\/types\/post"}],"author":[{"embeddable":true,"href":"http:\/\/desarrollo.grupomedios.com\/futbol\/wp-json\/wp\/v2\/users\/159"}],"replies":[{"embeddable":true,"href":"http:\/\/desarrollo.grupomedios.com\/futbol\/wp-json\/wp\/v2\/comments?post=510195"}],"version-history":[{"count":1,"href":"http:\/\/desarrollo.grupomedios.com\/futbol\/wp-json\/wp\/v2\/posts\/510195\/revisions"}],"predecessor-version":[{"id":510197,"href":"http:\/\/desarrollo.grupomedios.com\/futbol\/wp-json\/wp\/v2\/posts\/510195\/revisions\/510197"}],"wp:featuredmedia":[{"embeddable":true,"href":"http:\/\/desarrollo.grupomedios.com\/futbol\/wp-json\/wp\/v2\/media\/510196"}],"wp:attachment":[{"href":"http:\/\/desarrollo.grupomedios.com\/futbol\/wp-json\/wp\/v2\/media?parent=510195"}],"wp:term":[{"taxonomy":"category","embeddable":true,"href":"http:\/\/desarrollo.grupomedios.com\/futbol\/wp-json\/wp\/v2\/categories?post=510195"},{"taxonomy":"post_tag","embeddable":true,"href":"http:\/\/desarrollo.grupomedios.com\/futbol\/wp-json\/wp\/v2\/tags?post=510195"}],"curies":[{"name":"wp","href":"https:\/\/api.w.org\/{rel}","templated":true}]}}