{"id":510256,"date":"2017-11-22T16:21:53","date_gmt":"2017-11-22T22:21:53","guid":{"rendered":"https:\/\/www.futboltotal.com.mx\/?p=510256"},"modified":"2017-11-22T16:21:53","modified_gmt":"2017-11-22T22:21:53","slug":"neymar-cavani-alcanzan-a-cristiano-goleadores-la-champions-league","status":"publish","type":"post","link":"http:\/\/desarrollo.grupomedios.com\/futbol\/futbol-internacional\/neymar-cavani-alcanzan-a-cristiano-goleadores-la-champions-league\/2017\/11","title":{"rendered":"Neymar y Cavani alcanzan a Cristiano como goleadores de la Champions League"},"content":{"rendered":"<p>El brasile\u00f1o <strong>Neymar<\/strong> y el uruguayo <strong>Edinson Cavani<\/strong> impidieron la escapada del jugador del <strong>Real Madrid<\/strong> <strong>Cristiano Ronaldo<\/strong> en la clasificaci\u00f3n de m\u00e1ximos goleadores de la <strong>Champions League<\/strong>, tras responder este mi\u00e9rcoles a los dos tantos que el portugu\u00e9s firm\u00f3 en el campo del <strong>APOEL<\/strong>, con sendos dobletes ante el <strong>Celtic<\/strong>.<\/p>\n<p>Goles que permitieron a la pareja de atacantes del P<strong>ar\u00eds Saint Germain<\/strong> situarse en la segunda posici\u00f3n de la tabla con un total de seis dianas, dos menos de las que contabiliza Cristiano Ronaldo, que lidera la clasificaci\u00f3n con un total de ocho goles.<\/p>\n<p>Una clasificaci\u00f3n en la que todav\u00eda figura muy rezagado el delantero del <strong>Atl\u00e9tico de Madrid<\/strong> <strong>Antoine Griezmann<\/strong>, que rompi\u00f3 este mi\u00e9rcoles una racha de 787 minutos sin marcar, al firmar el primero de los dos tantos de la victoria (2-0) del conjunto espa\u00f1ol sobre el <strong>Roma<\/strong>.<\/p>\n<p style=\"text-align: center;\"><span style=\"color: #3366ff;\"><a href=\"https:\/\/www.futboltotal.com.mx\/futbol-internacional\/champions-league\/las-otras-estrellas-champions-league-seguro-conoces\/2017\/11\">VER M\u00c1S: Otras estrellas de Champions League que seguro no conoces<\/a><\/span><\/p>\n<p><strong>Clasificaci\u00f3n tras la 5\u00aa jornada:<\/strong><\/p>\n<p>&#8211; Con 8 goles: Cristiano Ronaldo (POR) (2p) (Real Madrid)<\/p>\n<p>&#8211; Con 6 goles: Neymar (BRA) y Cavani (URU) (1p) (Par\u00eds Saint Germain); Ben Yedder (FRA) (2p) (Sevilla); Kane (ING) (Tottenham)<\/p>\n<p>&#8211; Con 5 goles: Firmino (BRA) (Liverpool);<\/p>\n<p>&#8211; Con 4 goles: Cenk Tosun (1p) (TUR) (Besiktas); Salah (EGY) (Liverpool); Sterling (ING) (Manchester City)<\/p>\n<p>&#8211; Con 3 goles: Messi (ARG) (Barcelona); Oberlin (SUI) (Basilea); Talisca (BRA) (Besiktas); Hazard (BEL) (1p) (Chelsea); Werner (GER) (1p) (Leipzig); Stones (ING) (Manchester City); Lukaku (BEL) (Manchester United); Insigne (ITA) (N\u00e1poles); Aboubakar (CMR) (Oporto); Kurzawa (FRA) y Mbappe (FRA) (Par\u00eds Saint Germain); Dzeko (BIH) (Roma)<\/p>\n<p>[video_player]https:\/\/player.vimeo.com\/external\/244090140.hd.mp4?s=74fe03b2e61817e40ea05baa2905d6c2ebbe1668&#038;profile_id=174[\/video_player]<\/p>\n","protected":false},"excerpt":{"rendered":"<p>Ambos jugadores del PSG consiguieron un doblete.<\/p>\n","protected":false},"author":129,"featured_media":510257,"comment_status":"closed","ping_status":"closed","sticky":false,"template":"","format":"standard","meta":[],"categories":[3841,3839],"tags":[36,6013,6037,6001,114,5988],"_links":{"self":[{"href":"http:\/\/desarrollo.grupomedios.com\/futbol\/wp-json\/wp\/v2\/posts\/510256"}],"collection":[{"href":"http:\/\/desarrollo.grupomedios.com\/futbol\/wp-json\/wp\/v2\/posts"}],"about":[{"href":"http:\/\/desarrollo.grupomedios.com\/futbol\/wp-json\/wp\/v2\/types\/post"}],"author":[{"embeddable":true,"href":"http:\/\/desarrollo.grupomedios.com\/futbol\/wp-json\/wp\/v2\/users\/129"}],"replies":[{"embeddable":true,"href":"http:\/\/desarrollo.grupomedios.com\/futbol\/wp-json\/wp\/v2\/comments?post=510256"}],"version-history":[{"count":1,"href":"http:\/\/desarrollo.grupomedios.com\/futbol\/wp-json\/wp\/v2\/posts\/510256\/revisions"}],"predecessor-version":[{"id":510260,"href":"http:\/\/desarrollo.grupomedios.com\/futbol\/wp-json\/wp\/v2\/posts\/510256\/revisions\/510260"}],"wp:featuredmedia":[{"embeddable":true,"href":"http:\/\/desarrollo.grupomedios.com\/futbol\/wp-json\/wp\/v2\/media\/510257"}],"wp:attachment":[{"href":"http:\/\/desarrollo.grupomedios.com\/futbol\/wp-json\/wp\/v2\/media?parent=510256"}],"wp:term":[{"taxonomy":"category","embeddable":true,"href":"http:\/\/desarrollo.grupomedios.com\/futbol\/wp-json\/wp\/v2\/categories?post=510256"},{"taxonomy":"post_tag","embeddable":true,"href":"http:\/\/desarrollo.grupomedios.com\/futbol\/wp-json\/wp\/v2\/tags?post=510256"}],"curies":[{"name":"wp","href":"https:\/\/api.w.org\/{rel}","templated":true}]}}