{"id":510278,"date":"2017-11-22T18:28:30","date_gmt":"2017-11-23T00:28:30","guid":{"rendered":"https:\/\/www.futboltotal.com.mx\/?p=510278"},"modified":"2017-11-22T18:28:30","modified_gmt":"2017-11-23T00:28:30","slug":"sabes-nacio-apodo-chucky-hirving-lozano","status":"publish","type":"post","link":"http:\/\/desarrollo.grupomedios.com\/futbol\/futbol-mexicano\/sabes-nacio-apodo-chucky-hirving-lozano\/2017\/11","title":{"rendered":"\u00bfSabes c\u00f3mo naci\u00f3 el apodo de &#8216;Chucky&#8217; para Hirving Lozano?"},"content":{"rendered":"<p><strong>POR: STAFF FT<\/strong><\/p>\n<p>La figura de <strong>Hirving Lozano<\/strong> ha ido ganando m\u00e1s adeptos, m\u00e1s seguidores, no s\u00f3lo en <strong>Pachuca<\/strong>, ni en el futbol mexicano sino en Holanda y en gran parte de Europa.<\/p>\n<p>El <em>Chucky<\/em> es un futbolista que se ha destacado por ser un jugador importante que no demuestra miedo, con temple, goleador, gran asistente para sus compa\u00f1eros delanteros y eso lo ha llevado a Europa.<\/p>\n<p>Sin embargo, hay muchos aficionados que no saben algunas cosas del delantero mexicano que milita en el <strong>PSV<\/strong>.<\/p>\n<p>En un video publicado por la cuenta de Facebook &#8220;Yo soy mexicano&#8221;, Hirving Lozano cont\u00f3 la historia del por qu\u00e9 lo llaman <strong>&#8220;Chucky&#8221;<\/strong>.<\/p>\n<p>\u00bfT\u00fa lo sab\u00edas?<\/p>\n<p><iframe loading=\"lazy\" style=\"border: none; overflow: hidden;\" src=\"https:\/\/www.facebook.com\/plugins\/video.php?href=https%3A%2F%2Fwww.facebook.com%2FyosoymexicanoMX%2Fvideos%2F1098354193634613%2F&amp;show_text=0&amp;width=560\" frameborder=\"0\" scrolling=\"no\" allowfullscreen=\"allowfullscreen\"><\/iframe><\/p>\n","protected":false},"excerpt":{"rendered":"<p>El futbolista mexicano confes\u00f3 que todo empez\u00f3 en las inferiores del Pachuca<\/p>\n","protected":false},"author":160,"featured_media":510279,"comment_status":"closed","ping_status":"closed","sticky":false,"template":"","format":"standard","meta":[],"categories":[2198,3845,3847],"tags":[4420,5196,4416,65,2044],"_links":{"self":[{"href":"http:\/\/desarrollo.grupomedios.com\/futbol\/wp-json\/wp\/v2\/posts\/510278"}],"collection":[{"href":"http:\/\/desarrollo.grupomedios.com\/futbol\/wp-json\/wp\/v2\/posts"}],"about":[{"href":"http:\/\/desarrollo.grupomedios.com\/futbol\/wp-json\/wp\/v2\/types\/post"}],"author":[{"embeddable":true,"href":"http:\/\/desarrollo.grupomedios.com\/futbol\/wp-json\/wp\/v2\/users\/160"}],"replies":[{"embeddable":true,"href":"http:\/\/desarrollo.grupomedios.com\/futbol\/wp-json\/wp\/v2\/comments?post=510278"}],"version-history":[{"count":1,"href":"http:\/\/desarrollo.grupomedios.com\/futbol\/wp-json\/wp\/v2\/posts\/510278\/revisions"}],"predecessor-version":[{"id":510280,"href":"http:\/\/desarrollo.grupomedios.com\/futbol\/wp-json\/wp\/v2\/posts\/510278\/revisions\/510280"}],"wp:featuredmedia":[{"embeddable":true,"href":"http:\/\/desarrollo.grupomedios.com\/futbol\/wp-json\/wp\/v2\/media\/510279"}],"wp:attachment":[{"href":"http:\/\/desarrollo.grupomedios.com\/futbol\/wp-json\/wp\/v2\/media?parent=510278"}],"wp:term":[{"taxonomy":"category","embeddable":true,"href":"http:\/\/desarrollo.grupomedios.com\/futbol\/wp-json\/wp\/v2\/categories?post=510278"},{"taxonomy":"post_tag","embeddable":true,"href":"http:\/\/desarrollo.grupomedios.com\/futbol\/wp-json\/wp\/v2\/tags?post=510278"}],"curies":[{"name":"wp","href":"https:\/\/api.w.org\/{rel}","templated":true}]}}