{"id":510281,"date":"2017-11-22T19:22:44","date_gmt":"2017-11-23T01:22:44","guid":{"rendered":"https:\/\/www.futboltotal.com.mx\/?p=510281"},"modified":"2017-11-22T19:22:44","modified_gmt":"2017-11-23T01:22:44","slug":"pedro-caixinha-llega-a-arreglo-cruz-azul","status":"publish","type":"post","link":"http:\/\/desarrollo.grupomedios.com\/futbol\/destacado-home\/pedro-caixinha-llega-a-arreglo-cruz-azul\/2017\/11","title":{"rendered":"Pedro Caixinha llega a un arreglo con Cruz Azul"},"content":{"rendered":"<p><strong>POR: STAFF FT<\/strong><\/p>\n<p>El t\u00e9cnico portugu\u00e9s ser\u00e1 el nuevo entrenador de <strong>Cruz Azul<\/strong> a partir del <strong>Torneo Clausura 2018<\/strong>, pase lo que pase con La M\u00e1quina en la liguilla del Apertura 2017.<\/p>\n<p>La cadena <em>ESPN<\/em> dio a conocer que el ex entrenador del Rangers de Escocia regresar\u00e1 a la Liga MX para dirigir a los cementeros.<\/p>\n<p>Actualmente, Cruz Azul est\u00e1 dentro de la liguilla con una serie muy peligrosa frente a las \u00c1guilas del Am\u00e9rica, y los d\u00edas del espa\u00f1ol <strong>Paco J\u00e9mez<\/strong> parecen estar contados en el futbol mexicano.<\/p>\n<p style=\"text-align: center;\"><span style=\"color: #333399;\"><a href=\"https:\/\/www.futboltotal.com.mx\/destacado-home\/las-ocho-cosas-debes-saber-los-cuartos-final\/2017\/11\">VER M\u00c1S:\u00a0<span class=\"item-title\">Las ocho cosas que debes saber de los cuartos de final<\/span><\/a><\/span><\/p>\n<p>Pedro Caixinha dirigi\u00f3 en M\u00e9xico a <strong>Santos Laguna<\/strong> del Clausura 2013 al Clausura 2015, donde fue campe\u00f3n de Liga y de Copa con los laguneros.<\/p>\n<p>Adem\u00e1s, tuvo participaci\u00f3n en la Copa Libertadores en 2014, cuando a\u00fan se daba la participaci\u00f3n de los equipos mexicanos en el torneo sudamericano.<\/p>\n<p>&nbsp;<\/p>\n","protected":false},"excerpt":{"rendered":"<p>Dos a\u00f1os y medio despu\u00e9s de su salida de Santos, el portugu\u00e9s regresar\u00eda a la Liga MX<\/p>\n","protected":false},"author":160,"featured_media":510282,"comment_status":"closed","ping_status":"closed","sticky":false,"template":"","format":"standard","meta":[],"categories":[5,2198,3845],"tags":[8357,9028,5962,1046,7053,1968],"_links":{"self":[{"href":"http:\/\/desarrollo.grupomedios.com\/futbol\/wp-json\/wp\/v2\/posts\/510281"}],"collection":[{"href":"http:\/\/desarrollo.grupomedios.com\/futbol\/wp-json\/wp\/v2\/posts"}],"about":[{"href":"http:\/\/desarrollo.grupomedios.com\/futbol\/wp-json\/wp\/v2\/types\/post"}],"author":[{"embeddable":true,"href":"http:\/\/desarrollo.grupomedios.com\/futbol\/wp-json\/wp\/v2\/users\/160"}],"replies":[{"embeddable":true,"href":"http:\/\/desarrollo.grupomedios.com\/futbol\/wp-json\/wp\/v2\/comments?post=510281"}],"version-history":[{"count":1,"href":"http:\/\/desarrollo.grupomedios.com\/futbol\/wp-json\/wp\/v2\/posts\/510281\/revisions"}],"predecessor-version":[{"id":510283,"href":"http:\/\/desarrollo.grupomedios.com\/futbol\/wp-json\/wp\/v2\/posts\/510281\/revisions\/510283"}],"wp:featuredmedia":[{"embeddable":true,"href":"http:\/\/desarrollo.grupomedios.com\/futbol\/wp-json\/wp\/v2\/media\/510282"}],"wp:attachment":[{"href":"http:\/\/desarrollo.grupomedios.com\/futbol\/wp-json\/wp\/v2\/media?parent=510281"}],"wp:term":[{"taxonomy":"category","embeddable":true,"href":"http:\/\/desarrollo.grupomedios.com\/futbol\/wp-json\/wp\/v2\/categories?post=510281"},{"taxonomy":"post_tag","embeddable":true,"href":"http:\/\/desarrollo.grupomedios.com\/futbol\/wp-json\/wp\/v2\/tags?post=510281"}],"curies":[{"name":"wp","href":"https:\/\/api.w.org\/{rel}","templated":true}]}}