{"id":510310,"date":"2017-11-23T09:41:11","date_gmt":"2017-11-23T15:41:11","guid":{"rendered":"https:\/\/www.futboltotal.com.mx\/?p=510310"},"modified":"2017-11-23T09:41:11","modified_gmt":"2017-11-23T15:41:11","slug":"lille-quiere-despedir-a-marcelo-bielsa-ahorrarse-millonada","status":"publish","type":"post","link":"http:\/\/desarrollo.grupomedios.com\/futbol\/futbol-internacional\/lille-quiere-despedir-a-marcelo-bielsa-ahorrarse-millonada\/2017\/11","title":{"rendered":"Lille quiere despedir a Marcelo Bielsa y ahorrarse millonada"},"content":{"rendered":"<p>El <strong>Lille<\/strong>, presidido por el hispano-luxemburgu\u00e9s <strong>Gerard L\u00f3pez<\/strong>, busca un despido procedente del argentino<strong> Marcelo Bielsa<\/strong> para ahorrarse en indemnizaciones entre 14 y 16 millones de euros (16,5 &#8211; 19 millones de d\u00f3lares), inform\u00f3 hoy <em>L&#8217;\u00c9quipe<\/em>.<\/p>\n<p>Seg\u00fan el peri\u00f3dico, &#8220;la suspensi\u00f3n temporal&#8221; del entrenador anunciada este mi\u00e9rcoles dentro de &#8220;un procedimiento instaurado&#8221; responde a la estrategia de intentar demostrar que el t\u00e9cnico ha sido negligente en sus funciones.<\/p>\n<p>Al Lille no le bastar\u00e1 con apoyarse en los malos resultados del equipo, pen\u00faltimo en la tabla liguera a pesar de haberse gastado este verano unos 83 millones de d\u00f3lares, sino que procurar\u00e1 demostrar &#8220;varias faltas graves&#8221; cometidas por Bielsa, al que le corresponder\u00edan hasta 19 millones de d\u00f3lares por el contrato que firm\u00f3 hasta 2019.<\/p>\n<p style=\"text-align: center;\"><span style=\"color: #3366ff;\"><a href=\"https:\/\/www.futboltotal.com.mx\/futbol-mexicano\/liga-mx\/pumas-se-reforzara-yuber-asprilla\/2017\/11\">VER M\u00c1S: Pumas se reforzar\u00e1 con Yuber Asprilla<\/a><\/span><\/p>\n<p>Aunque no hay una confirmaci\u00f3n oficial, la prensa francesa especula con que una de esas faltas podr\u00eda ser el supuesto viaje que Bielsa hizo esta semana a Chile debido a la muerte del que fue su preparador f\u00edsico en la selecci\u00f3n chilena y en el Athletic de Bilbao, Luis Mar\u00eda Bonini.<\/p>\n<p>Adem\u00e1s, se le intentar\u00e1 imputar algunos casos de indisciplina dentro del vestuario y se le echar\u00e1 en cara algunos retrasos en las sesiones de entrenamiento.<\/p>\n<p>De momento, el conjunto de Gerard L\u00f3pez, que cuenta con el espa\u00f1ol Marc Ingla como director general y el portugu\u00e9s Luis Campos como director deportivo, no tiene un sustituto para Bielsa.<\/p>\n<p>El t\u00e9cnico de Rosario, de 62 a\u00f1os, es referente de entrenadores de la talla de <strong>Pep Guardiola<\/strong> (<strong>Manchester City<\/strong>) y <strong>Jorge Sampaoli<\/strong> (<strong>selecci\u00f3n de Argentina<\/strong>).<\/p>\n<p>Sin embargo, el imprevisible Bielsa tambi\u00e9n se ha hecho famoso por sus intempestivas espantadas, como le sucedi\u00f3 en el Espanyol de Barcelona (1998), Athletic de Bilbao (2011-2013) y Olympique de Marsella (2015-2016) y Lazio (2016). EFE.<\/p>\n<p style=\"text-align: center;\"><a href=\"https:\/\/www.futboltotal.com.mx\/futbol-mexicano\/seleccion-mexicana\/sabes-nacio-apodo-chucky-hirving-lozano\/2017\/11\">\u00bfVER M\u00c1S: \u00bfSabes c\u00f3mo naci\u00f3 el apodo de \u2018Chucky\u2019 para Hirving Lozano?<\/a><\/p>\n","protected":false},"excerpt":{"rendered":"<p>Los franceses suspendieron &#8220;temporalmente&#8221; al argentino.<\/p>\n","protected":false},"author":129,"featured_media":510313,"comment_status":"closed","ping_status":"closed","sticky":false,"template":"","format":"standard","meta":[],"categories":[3839,9609],"tags":[11241,408,582,1173],"_links":{"self":[{"href":"http:\/\/desarrollo.grupomedios.com\/futbol\/wp-json\/wp\/v2\/posts\/510310"}],"collection":[{"href":"http:\/\/desarrollo.grupomedios.com\/futbol\/wp-json\/wp\/v2\/posts"}],"about":[{"href":"http:\/\/desarrollo.grupomedios.com\/futbol\/wp-json\/wp\/v2\/types\/post"}],"author":[{"embeddable":true,"href":"http:\/\/desarrollo.grupomedios.com\/futbol\/wp-json\/wp\/v2\/users\/129"}],"replies":[{"embeddable":true,"href":"http:\/\/desarrollo.grupomedios.com\/futbol\/wp-json\/wp\/v2\/comments?post=510310"}],"version-history":[{"count":1,"href":"http:\/\/desarrollo.grupomedios.com\/futbol\/wp-json\/wp\/v2\/posts\/510310\/revisions"}],"predecessor-version":[{"id":510315,"href":"http:\/\/desarrollo.grupomedios.com\/futbol\/wp-json\/wp\/v2\/posts\/510310\/revisions\/510315"}],"wp:featuredmedia":[{"embeddable":true,"href":"http:\/\/desarrollo.grupomedios.com\/futbol\/wp-json\/wp\/v2\/media\/510313"}],"wp:attachment":[{"href":"http:\/\/desarrollo.grupomedios.com\/futbol\/wp-json\/wp\/v2\/media?parent=510310"}],"wp:term":[{"taxonomy":"category","embeddable":true,"href":"http:\/\/desarrollo.grupomedios.com\/futbol\/wp-json\/wp\/v2\/categories?post=510310"},{"taxonomy":"post_tag","embeddable":true,"href":"http:\/\/desarrollo.grupomedios.com\/futbol\/wp-json\/wp\/v2\/tags?post=510310"}],"curies":[{"name":"wp","href":"https:\/\/api.w.org\/{rel}","templated":true}]}}