{"id":510314,"date":"2017-11-23T09:54:20","date_gmt":"2017-11-23T15:54:20","guid":{"rendered":"https:\/\/www.futboltotal.com.mx\/?p=510314"},"modified":"2017-11-23T09:54:20","modified_gmt":"2017-11-23T15:54:20","slug":"nahuel-guzman-ofertas-river-plate-europa","status":"publish","type":"post","link":"http:\/\/desarrollo.grupomedios.com\/futbol\/destacado-home\/nahuel-guzman-ofertas-river-plate-europa\/2017\/11","title":{"rendered":"Nahuel Guzm\u00e1n, con ofertas de River Plate y Europa"},"content":{"rendered":"<p><strong>POR: STAFF FT<\/strong><\/p>\n<p>El guardameta de <strong>Tigres UANL, Nahuel Guzm\u00e1n<\/strong> se ha convertido en un futbolista importante y medi\u00e1tico, sus buenas actuaciones lo han llevado a ser convocado por el estratega de la <strong>Selecci\u00f3n de Argentina<\/strong>, <strong>Jorge Sampaoli<\/strong>, por lo que su exposici\u00f3n ha sido mayor y las ofertas de otros clubes no se han hecho esperar, aunque su salida se vislumbra complicada.<\/p>\n<p>De acuerdo a una entrevista realizada por ESPN con el representante del guardameta,\u00a0<strong>Francisco Culasso<\/strong>, revel\u00f3 que el &#8216;Pat\u00f3n&#8217; ha recibido varias ofertas que han llegado de un club grande en su pa\u00eds y otras m\u00e1s en Europa. &#8220;<strong>Enzo Francescoli<\/strong> (secretario t\u00e9cnico del River Plate) lo llam\u00f3 hace un a\u00f1o. La traba m\u00e1s grande para River es (comprar) el pase a Tigres. Tuvo ofertas de Italia e Inglaterra. La cl\u00e1usula de Guzm\u00e1n es de <strong>20 millones de d\u00f3lares<\/strong>\u201d, expres\u00f3 el agente.<\/p>\n<p style=\"text-align: center;\"><a href=\"https:\/\/www.futboltotal.com.mx\/futbol-internacional\/champions-league\/las-otras-estrellas-champions-league-seguro-conoces\/2017\/11\">VER M\u00c1S: Otras estrellas de Champions League que seguro no conoces<\/a><\/p>\n<p>El jugador de los Felinos renov\u00f3 contrato a principios de a\u00f1o y a pesar que la directiva de <strong>River Plate<\/strong> le llam\u00f3 personalmente lograron saber que no ten\u00eda intenciones de regresar al futbol de su pa\u00eds. Sin embargo para los millonarios contin\u00faa siendo una opci\u00f3n para resguardar su arco, pues <a href=\"https:\/\/www.futboltotal.com.mx\/futbol-mexicano\/liga-mx\/river-plate-se-llevaria-a-marcelo-barovero-o-nahuel-guzman\/2017\/11\" target=\"_blank\" rel=\"noopener\">est\u00e1 dentro de las cuatro opciones que tienen para reforzar <\/a>esa posici\u00f3n.<\/p>\n<p>Por el momento no hay nada formal pero habr\u00e1 que esperar a que <strong>Tigres<\/strong> termine su participaci\u00f3n en el actual <strong>Apertura 2017\u00a0<\/strong> para saber el futuro del guardameta argentino, que todo parece desea continuar con los Felinos, pues ha tenido la suficiente exposici\u00f3n para llegar a la selecci\u00f3n Albiceleste y\u00a0 podr\u00eda ir a la<strong> Copa del Mundo de Rusia 2018<\/strong>.<\/p>\n<p style=\"text-align: center;\"><a href=\"https:\/\/www.futboltotal.com.mx\/futbol-mexicano\/liga-mx\/pumas-se-reforzara-yuber-asprilla\/2017\/11\">VER M\u00c1S: Pumas se reforzar\u00e1 con Yuber Asprilla<\/a><\/p>\n","protected":false},"excerpt":{"rendered":"<p>El guardameta argentino ha logrado exposici\u00f3n importante con los Felinos<\/p>\n","protected":false},"author":159,"featured_media":510316,"comment_status":"closed","ping_status":"closed","sticky":false,"template":"","format":"standard","meta":[],"categories":[5,2198,3845],"tags":[352,64,6129,164,5973],"_links":{"self":[{"href":"http:\/\/desarrollo.grupomedios.com\/futbol\/wp-json\/wp\/v2\/posts\/510314"}],"collection":[{"href":"http:\/\/desarrollo.grupomedios.com\/futbol\/wp-json\/wp\/v2\/posts"}],"about":[{"href":"http:\/\/desarrollo.grupomedios.com\/futbol\/wp-json\/wp\/v2\/types\/post"}],"author":[{"embeddable":true,"href":"http:\/\/desarrollo.grupomedios.com\/futbol\/wp-json\/wp\/v2\/users\/159"}],"replies":[{"embeddable":true,"href":"http:\/\/desarrollo.grupomedios.com\/futbol\/wp-json\/wp\/v2\/comments?post=510314"}],"version-history":[{"count":1,"href":"http:\/\/desarrollo.grupomedios.com\/futbol\/wp-json\/wp\/v2\/posts\/510314\/revisions"}],"predecessor-version":[{"id":510317,"href":"http:\/\/desarrollo.grupomedios.com\/futbol\/wp-json\/wp\/v2\/posts\/510314\/revisions\/510317"}],"wp:featuredmedia":[{"embeddable":true,"href":"http:\/\/desarrollo.grupomedios.com\/futbol\/wp-json\/wp\/v2\/media\/510316"}],"wp:attachment":[{"href":"http:\/\/desarrollo.grupomedios.com\/futbol\/wp-json\/wp\/v2\/media?parent=510314"}],"wp:term":[{"taxonomy":"category","embeddable":true,"href":"http:\/\/desarrollo.grupomedios.com\/futbol\/wp-json\/wp\/v2\/categories?post=510314"},{"taxonomy":"post_tag","embeddable":true,"href":"http:\/\/desarrollo.grupomedios.com\/futbol\/wp-json\/wp\/v2\/tags?post=510314"}],"curies":[{"name":"wp","href":"https:\/\/api.w.org\/{rel}","templated":true}]}}