{"id":510328,"date":"2017-11-23T11:51:22","date_gmt":"2017-11-23T17:51:22","guid":{"rendered":"https:\/\/www.futboltotal.com.mx\/?p=510328"},"modified":"2017-11-23T11:51:22","modified_gmt":"2017-11-23T17:51:22","slug":"robinho-condenado-a-9-anos-carcel-violencia-sexual","status":"publish","type":"post","link":"http:\/\/desarrollo.grupomedios.com\/futbol\/destacado-home\/robinho-condenado-a-9-anos-carcel-violencia-sexual\/2017\/11","title":{"rendered":"Robinho, condenado a 9 a\u00f1os de c\u00e1rcel por violencia sexual"},"content":{"rendered":"<p>POR: STAFF FT<\/p>\n<p><strong>Robson de Souza Santos<\/strong>, mejor conocido como Robinho y que fuera futbolista de equipos importantes como <strong>Real Madrid, AC Milan y Manchester City<\/strong> ha sido sentenciado a <strong>9 a\u00f1os de prisi\u00f3n<\/strong> por un episodio de<strong> violencia sexual<\/strong> que sucedi\u00f3 en el a\u00f1o 2013.<\/p>\n<p style=\"text-align: center;\"><a href=\"https:\/\/www.futboltotal.com.mx\/futbol-mexicano\/liga-mx\/pumas-se-reforzara-yuber-asprilla\/2017\/11\">VER M\u00c1S: Pumas se reforzar\u00e1 con Yuber Asprilla<\/a><\/p>\n<p>El actual futbolista del<strong> Alt\u00e9tico Mineiro<\/strong> fue se\u00f1alado por perpetrar violencia sexual\u00a0en grupo sobre una<strong> joven de 22 a\u00f1os<\/strong>, los hechos se dieron en una discoteca de Milan el 22 de <strong>enero del 2013<\/strong>, as\u00ed lo indica el diario italiano\u00a0&#8216;La Stampa&#8217;, de aucerdo a investigaciones se indica que el brasile\u00f1o\u00a0<strong>consum\u00f3 la violaci\u00f3n acompa\u00f1ado de otras cinco personas<\/strong>.<\/p>\n<p>Robinho ha negado las acusaciones en 2014, en cuanto medios italianos reportaron que hab\u00eda participado en una violaci\u00f3n en grupo y por ahora, <strong>tendr\u00e1\u00a0derecho a varios niveles de apelaci\u00f3n<\/strong>, como dicta las leyes italianas, antes de que se aplique la sentencia definitiva.<\/p>\n<p style=\"text-align: center;\"><a href=\"https:\/\/www.futboltotal.com.mx\/futbol-mexicano\/liga-mx\/nahuel-guzman-ofertas-river-plate-europa\/2017\/11\">VER M\u00c1S: Nahuel Guzm\u00e1n, con ofertas de River Plate y Europa<\/a><\/p>\n<p>&nbsp;<\/p>\n","protected":false},"excerpt":{"rendered":"<p>El brasile\u00f1o se ha metido en un serio problema con la ley italiana<\/p>\n","protected":false},"author":159,"featured_media":510329,"comment_status":"closed","ping_status":"closed","sticky":false,"template":"","format":"standard","meta":[],"categories":[5,3839],"tags":[1630,5993,5988,521],"_links":{"self":[{"href":"http:\/\/desarrollo.grupomedios.com\/futbol\/wp-json\/wp\/v2\/posts\/510328"}],"collection":[{"href":"http:\/\/desarrollo.grupomedios.com\/futbol\/wp-json\/wp\/v2\/posts"}],"about":[{"href":"http:\/\/desarrollo.grupomedios.com\/futbol\/wp-json\/wp\/v2\/types\/post"}],"author":[{"embeddable":true,"href":"http:\/\/desarrollo.grupomedios.com\/futbol\/wp-json\/wp\/v2\/users\/159"}],"replies":[{"embeddable":true,"href":"http:\/\/desarrollo.grupomedios.com\/futbol\/wp-json\/wp\/v2\/comments?post=510328"}],"version-history":[{"count":1,"href":"http:\/\/desarrollo.grupomedios.com\/futbol\/wp-json\/wp\/v2\/posts\/510328\/revisions"}],"predecessor-version":[{"id":510330,"href":"http:\/\/desarrollo.grupomedios.com\/futbol\/wp-json\/wp\/v2\/posts\/510328\/revisions\/510330"}],"wp:featuredmedia":[{"embeddable":true,"href":"http:\/\/desarrollo.grupomedios.com\/futbol\/wp-json\/wp\/v2\/media\/510329"}],"wp:attachment":[{"href":"http:\/\/desarrollo.grupomedios.com\/futbol\/wp-json\/wp\/v2\/media?parent=510328"}],"wp:term":[{"taxonomy":"category","embeddable":true,"href":"http:\/\/desarrollo.grupomedios.com\/futbol\/wp-json\/wp\/v2\/categories?post=510328"},{"taxonomy":"post_tag","embeddable":true,"href":"http:\/\/desarrollo.grupomedios.com\/futbol\/wp-json\/wp\/v2\/tags?post=510328"}],"curies":[{"name":"wp","href":"https:\/\/api.w.org\/{rel}","templated":true}]}}