{"id":510331,"date":"2017-11-23T12:07:38","date_gmt":"2017-11-23T18:07:38","guid":{"rendered":"https:\/\/www.futboltotal.com.mx\/?p=510331"},"modified":"2017-11-23T12:07:38","modified_gmt":"2017-11-23T18:07:38","slug":"muere-cancer-luis-bonini-ex-auxiliar-marcelo-bielsa-en-chile","status":"publish","type":"post","link":"http:\/\/desarrollo.grupomedios.com\/futbol\/futbol-internacional\/muere-cancer-luis-bonini-ex-auxiliar-marcelo-bielsa-en-chile\/2017\/11","title":{"rendered":"Muere de c\u00e1ncer Luis Bonini, ex auxiliar de Marcelo Bielsa en Chile"},"content":{"rendered":"<p>El argentino <strong>Luis Mar\u00eda Bonini<\/strong>, preparador f\u00edsico de la <strong>selecci\u00f3n de Chile<\/strong> en la \u00e9poca de <strong>Marcelo Bielsa<\/strong>, muri\u00f3 en la madrugada de este jueves en una cl\u00ednica de Santiago a consecuencias de un c\u00e1ncer g\u00e1strico, informaron fuentes del centro m\u00e9dico.<\/p>\n<p>De 67 a\u00f1os, Bonini fue diagnosticado hace un a\u00f1o de su enfermedad y volvi\u00f3 a Chile el pasado junio para someterse a un tratamiento de inmunoterapia, a la postre sin resultados debido al r\u00e1pido avance de su enfermedad, y falleci\u00f3 a las 03.40 horas locales de hoy (06.40 GMT), doce d\u00edas despu\u00e9s de haber sido ingresado.<\/p>\n<p>Cuando Bonini volvi\u00f3 a Chile, Marcelo Bielsa se traslad\u00f3 tambi\u00e9n al pa\u00eds austral para acompa\u00f1arle y ahora, seg\u00fan medios franceses y chilenos informaron de que probablemente haya viajado de nuevo.<\/p>\n<p style=\"text-align: center;\"><a href=\"https:\/\/www.futboltotal.com.mx\/futbol-internacional\/liga-de-francia-futbol-internacional\/lille-quiere-despedir-a-marcelo-bielsa-ahorrarse-millonada\/2017\/11\"><span style=\"color: #3366ff;\">VER M\u00c1S: Lille quiere despedir a Marcelo Bielsa y ahorrarse millonada<\/span><\/a><\/p>\n<p>De hecho, el <strong>Lille,<\/strong> su actual club, anunci\u00f3 este mi\u00e9rcoles que<em> el Loco<\/em>\u00a0hab\u00eda sido suspendido de su cargo por abandono del trabajo, en medio de rumores de despido a causa de la mala campa\u00f1a del equipo, que est\u00e1 pen\u00faltimo en la liga francesa.<\/p>\n<p>Bonini lleg\u00f3 a Chile en 2007, como integrante del equipo de ayudantes de Bielsa, con quien tambi\u00e9n hab\u00eda colaborado en la selecci\u00f3n argentina.<\/p>\n<p style=\"text-align: center;\"><span style=\"color: #3366ff;\"><a href=\"https:\/\/www.futboltotal.com.mx\/futbol-internacional\/champions-league\/eduardo-berizzo-sufre-cancer-prostata\/2017\/11\">VER M\u00c1S: Eduardo Berizzo sufre c\u00e1ncer de pr\u00f3stata<\/a><\/span><\/p>\n<p>Otro colaborador del &#8220;Loco&#8221; era <strong>Eduardo Berizzo<\/strong>, actual t\u00e9cnico del Sevilla espa\u00f1ol, a quien le fue diagnosticado esta semana un c\u00e1ncer de pr\u00f3stata.<\/p>\n<p>El \u00faltimo trabajo futbol\u00edstico que ejerci\u00f3 Luis Mar\u00eda Bonini fue como preparador f\u00edsico de la Universidad de Chile en 2016, cuando el conjunto universitario fue dirigido por <strong>Sebasti\u00e1n Beccacece,<\/strong> quien fue ayudante de Jorge Sampaoli en la selecci\u00f3n chilena y hoy es parte del equipo del mismo t\u00e9cnico en la selecci\u00f3n argentina.<\/p>\n","protected":false},"excerpt":{"rendered":"<p>El argentino fue compa\u00f1ero de Bielsa en Chile.<\/p>\n","protected":false},"author":129,"featured_media":510332,"comment_status":"closed","ping_status":"closed","sticky":false,"template":"","format":"standard","meta":[],"categories":[3839],"tags":[406,11243,1173],"_links":{"self":[{"href":"http:\/\/desarrollo.grupomedios.com\/futbol\/wp-json\/wp\/v2\/posts\/510331"}],"collection":[{"href":"http:\/\/desarrollo.grupomedios.com\/futbol\/wp-json\/wp\/v2\/posts"}],"about":[{"href":"http:\/\/desarrollo.grupomedios.com\/futbol\/wp-json\/wp\/v2\/types\/post"}],"author":[{"embeddable":true,"href":"http:\/\/desarrollo.grupomedios.com\/futbol\/wp-json\/wp\/v2\/users\/129"}],"replies":[{"embeddable":true,"href":"http:\/\/desarrollo.grupomedios.com\/futbol\/wp-json\/wp\/v2\/comments?post=510331"}],"version-history":[{"count":1,"href":"http:\/\/desarrollo.grupomedios.com\/futbol\/wp-json\/wp\/v2\/posts\/510331\/revisions"}],"predecessor-version":[{"id":510333,"href":"http:\/\/desarrollo.grupomedios.com\/futbol\/wp-json\/wp\/v2\/posts\/510331\/revisions\/510333"}],"wp:featuredmedia":[{"embeddable":true,"href":"http:\/\/desarrollo.grupomedios.com\/futbol\/wp-json\/wp\/v2\/media\/510332"}],"wp:attachment":[{"href":"http:\/\/desarrollo.grupomedios.com\/futbol\/wp-json\/wp\/v2\/media?parent=510331"}],"wp:term":[{"taxonomy":"category","embeddable":true,"href":"http:\/\/desarrollo.grupomedios.com\/futbol\/wp-json\/wp\/v2\/categories?post=510331"},{"taxonomy":"post_tag","embeddable":true,"href":"http:\/\/desarrollo.grupomedios.com\/futbol\/wp-json\/wp\/v2\/tags?post=510331"}],"curies":[{"name":"wp","href":"https:\/\/api.w.org\/{rel}","templated":true}]}}