{"id":510338,"date":"2017-11-23T13:31:27","date_gmt":"2017-11-23T19:31:27","guid":{"rendered":"https:\/\/www.futboltotal.com.mx\/?p=510338"},"modified":"2017-11-23T13:31:27","modified_gmt":"2017-11-23T19:31:27","slug":"cruz-azul-desea-fichar-al-hermano-renato-ibarra","status":"publish","type":"post","link":"http:\/\/desarrollo.grupomedios.com\/futbol\/futbol-mexicano\/cruz-azul-desea-fichar-al-hermano-renato-ibarra\/2017\/11","title":{"rendered":"Cruz Azul desea fichar al hermano de Renato Ibarra"},"content":{"rendered":"<p>POR: STAFF FT<\/p>\n<p>El hermano del futbolista de las <strong>\u00c1guilas del Am\u00e9rica, Renato Ibarra,<\/strong> est\u00e1 en la mira del <strong>Cruz Azul<\/strong>, quien se habr\u00eda acercado con el jugador azulcrema para preguntar por <strong>Romario Ibarra<\/strong>, atacante de 23 a\u00f1os para hacerse con \u00e9l como refuerzo para el pr\u00f3ximo torneo <strong>Clausura 2018<\/strong>, a pesar que a\u00fan no termina su participaci\u00f3n en la Liguilla.<\/p>\n<p>El delantero\u00a0<strong>Romario Andr\u00e9s<\/strong> ha jugado en el futbol ecuatoriano con La\u00a0<strong>LDU Quito y\u00a0Universidad Cat\u00f3lica\u00a0en las \u00faltimas cuatro temporadas.\u00a0<\/strong>En la actual temporada tiene siete goles en 33 partidos.\u00a0&#8220;Alg\u00fan empresario se acerc\u00f3 a mi hermano Renato y \u00e9l nos dijo que hay inter\u00e9s de equipos mexicanos, entre ellos,\u00a0<strong>Cruz Azul<\/strong>. Es importante que clubes tan grandes de M\u00e9xico se fijen en m\u00ed y tambi\u00e9n en Brasil. Eso motiva\u201d, de acuerdo con ESPN.<\/p>\n<p style=\"text-align: center;\"><a href=\"https:\/\/www.futboltotal.com.mx\/futbol-internacional\/robinho-condenado-a-9-anos-carcel-violencia-sexual\/2017\/11\">VER M\u00c1S: Robinho, condenado a 9 a\u00f1os de c\u00e1rcel por violencia sexual<\/a><\/p>\n<p>Sin embargo se sabe que el otro equipo interesado es el <strong>Santos de Brasil<\/strong> y ser\u00eda muy probable que se marche a esta instituci\u00f3n, pues ser\u00eda su principal deseo: &#8220;Firmamos una autorizaci\u00f3n a un empresario que est\u00e1 trabajando en ello, el tema est\u00e1 muy avanzado y posiblemente se d\u00e9. Llegar a ese equipo para m\u00ed ser\u00eda muy bueno&#8221;, dijo.<\/p>\n<p>El hermano del futbolista azulcrema ha sido convocado con la Selecci\u00f3n de Ecuador para duelos de eliminatoria de Conmebol para enfrentar a\u00a0<strong>Argentina\u00a0<\/strong>y\u00a0<strong>Chile<\/strong>, donde acumul\u00f3 98 minutos .<\/p>\n<p style=\"text-align: center;\"><a href=\"https:\/\/www.futboltotal.com.mx\/futbol-mexicano\/liga-mx\/pumas-se-reforzara-yuber-asprilla\/2017\/11\">VER M\u00c1S: Pumas se reforzar\u00e1 con Yuber Asprilla<\/a><\/p>\n<div class=\"teads-inread xs-screen\"><\/div>\n","protected":false},"excerpt":{"rendered":"<p>El ecuatoriano gusta a la directiva cementera como posible refuerzo <\/p>\n","protected":false},"author":159,"featured_media":510340,"comment_status":"closed","ping_status":"closed","sticky":false,"template":"","format":"standard","meta":[],"categories":[2198,3845],"tags":[5962,64,7468,11244],"_links":{"self":[{"href":"http:\/\/desarrollo.grupomedios.com\/futbol\/wp-json\/wp\/v2\/posts\/510338"}],"collection":[{"href":"http:\/\/desarrollo.grupomedios.com\/futbol\/wp-json\/wp\/v2\/posts"}],"about":[{"href":"http:\/\/desarrollo.grupomedios.com\/futbol\/wp-json\/wp\/v2\/types\/post"}],"author":[{"embeddable":true,"href":"http:\/\/desarrollo.grupomedios.com\/futbol\/wp-json\/wp\/v2\/users\/159"}],"replies":[{"embeddable":true,"href":"http:\/\/desarrollo.grupomedios.com\/futbol\/wp-json\/wp\/v2\/comments?post=510338"}],"version-history":[{"count":1,"href":"http:\/\/desarrollo.grupomedios.com\/futbol\/wp-json\/wp\/v2\/posts\/510338\/revisions"}],"predecessor-version":[{"id":510341,"href":"http:\/\/desarrollo.grupomedios.com\/futbol\/wp-json\/wp\/v2\/posts\/510338\/revisions\/510341"}],"wp:featuredmedia":[{"embeddable":true,"href":"http:\/\/desarrollo.grupomedios.com\/futbol\/wp-json\/wp\/v2\/media\/510340"}],"wp:attachment":[{"href":"http:\/\/desarrollo.grupomedios.com\/futbol\/wp-json\/wp\/v2\/media?parent=510338"}],"wp:term":[{"taxonomy":"category","embeddable":true,"href":"http:\/\/desarrollo.grupomedios.com\/futbol\/wp-json\/wp\/v2\/categories?post=510338"},{"taxonomy":"post_tag","embeddable":true,"href":"http:\/\/desarrollo.grupomedios.com\/futbol\/wp-json\/wp\/v2\/tags?post=510338"}],"curies":[{"name":"wp","href":"https:\/\/api.w.org\/{rel}","templated":true}]}}