{"id":510343,"date":"2017-11-23T14:24:17","date_gmt":"2017-11-23T20:24:17","guid":{"rendered":"https:\/\/www.futboltotal.com.mx\/?p=510343"},"modified":"2017-11-23T14:24:17","modified_gmt":"2017-11-23T20:24:17","slug":"el-corazon-me-va-a-pedir-volver-a-tigres-guido-pizarro","status":"publish","type":"post","link":"http:\/\/desarrollo.grupomedios.com\/futbol\/futbol-mexicano\/el-corazon-me-va-a-pedir-volver-a-tigres-guido-pizarro\/2017\/11","title":{"rendered":"El coraz\u00f3n me va a pedir volver a Tigres: Guido Pizarro"},"content":{"rendered":"<p><strong>POR: STAFF FT<\/strong><\/p>\n<p>El futbolista argentino del<strong> Sevilla, Guido Pizarro<\/strong> se encuentra disfrutando su salto al futbol de Europa, sin embargo no olvida lo que vivi\u00f3 en el cuadro de <strong>Tigres UANL<\/strong>, pues considera que es ah\u00ed donde logr\u00f3 crecer futbol\u00edsticamente, adem\u00e1s de todo el apoyo que le han demostrado los aficionados felinos y no descarta volver alg\u00fan d\u00eda.<\/p>\n<p>\u201cTodo el cari\u00f1o que me dan, para m\u00ed, es mucho. Y lo valoro mucho. <strong>Creo que el d\u00eda de ma\u00f1ana, seguramente, el coraz\u00f3n va a pedir volver<\/strong>\u201d, declar\u00f3 el centrocampista de 27 a\u00f1os, en entrevista para\u00a0Fox Sports. Hasta ahora ha jugado <strong>15 encuentros<\/strong> con el cuadro espa\u00f1ol y ha logrado anotar <strong>dos anotaciones<\/strong>.<\/p>\n<p style=\"text-align: center;\"><a href=\"https:\/\/www.futboltotal.com.mx\/futbol-internacional\/robinho-condenado-a-9-anos-carcel-violencia-sexual\/2017\/11\">VER M\u00c1S: Robinho, condenado a 9 a\u00f1os de c\u00e1rcel por violencia sexual<\/a><\/p>\n<div id=\"inv-392076820\" class=\"inv-content\"><em>\u00a0<\/em>\u201c<strong>La verdad que es una alegr\u00eda enorme. el cari\u00f1o que me brindan y que me brindaron cuando estaba all\u00e1<\/strong>. Yo lo recuerdo mucho. Y me pone muy feliz, tanto la gente que viene, la gente que te escribe en redes sociales, que te manda mensajes\u201d, expres\u00f3 el jugador sobre la afici\u00f3n de Tigres que le sigue a pesar que ya no juega en la Liga MX.<\/div>\n<div class=\"inv-content\">\n<p>Por otro lado dej\u00f3 ver que no le pierde la pista al cuadro Felino y estar\u00e1 atento a lo que suceda con ellos en la Liguillas:\u00a0\u201c<strong>Vamos a estar viendo, vamos a estar apoyando<\/strong>. Y con mucha fe, el equipo est\u00e1 bien. Termin\u00f3 en los primeros puestos, que es lo que siempre se apunta. Y en estos momentos el equipo sale a flote, saca el pecho y va a andar bien\u201d.<\/p>\n<p style=\"text-align: center;\"><a href=\"https:\/\/www.futboltotal.com.mx\/futbol-mexicano\/liga-mx\/pumas-se-reforzara-yuber-asprilla\/2017\/11\">VER M\u00c1S: Pumas se reforzar\u00e1 con Yuber Asprilla<\/a><\/p>\n<\/div>\n","protected":false},"excerpt":{"rendered":"<p>El mediocampista argentino tiene mucho cari\u00f1o por el cuadro felino<\/p>\n","protected":false},"author":159,"featured_media":510344,"comment_status":"closed","ping_status":"closed","sticky":false,"template":"","format":"standard","meta":[],"categories":[2198,3845],"tags":[3991,64,49,570],"_links":{"self":[{"href":"http:\/\/desarrollo.grupomedios.com\/futbol\/wp-json\/wp\/v2\/posts\/510343"}],"collection":[{"href":"http:\/\/desarrollo.grupomedios.com\/futbol\/wp-json\/wp\/v2\/posts"}],"about":[{"href":"http:\/\/desarrollo.grupomedios.com\/futbol\/wp-json\/wp\/v2\/types\/post"}],"author":[{"embeddable":true,"href":"http:\/\/desarrollo.grupomedios.com\/futbol\/wp-json\/wp\/v2\/users\/159"}],"replies":[{"embeddable":true,"href":"http:\/\/desarrollo.grupomedios.com\/futbol\/wp-json\/wp\/v2\/comments?post=510343"}],"version-history":[{"count":1,"href":"http:\/\/desarrollo.grupomedios.com\/futbol\/wp-json\/wp\/v2\/posts\/510343\/revisions"}],"predecessor-version":[{"id":510345,"href":"http:\/\/desarrollo.grupomedios.com\/futbol\/wp-json\/wp\/v2\/posts\/510343\/revisions\/510345"}],"wp:featuredmedia":[{"embeddable":true,"href":"http:\/\/desarrollo.grupomedios.com\/futbol\/wp-json\/wp\/v2\/media\/510344"}],"wp:attachment":[{"href":"http:\/\/desarrollo.grupomedios.com\/futbol\/wp-json\/wp\/v2\/media?parent=510343"}],"wp:term":[{"taxonomy":"category","embeddable":true,"href":"http:\/\/desarrollo.grupomedios.com\/futbol\/wp-json\/wp\/v2\/categories?post=510343"},{"taxonomy":"post_tag","embeddable":true,"href":"http:\/\/desarrollo.grupomedios.com\/futbol\/wp-json\/wp\/v2\/tags?post=510343"}],"curies":[{"name":"wp","href":"https:\/\/api.w.org\/{rel}","templated":true}]}}