{"id":510352,"date":"2017-11-23T15:41:42","date_gmt":"2017-11-23T21:41:42","guid":{"rendered":"https:\/\/www.futboltotal.com.mx\/?p=510352"},"modified":"2017-11-23T15:41:42","modified_gmt":"2017-11-23T21:41:42","slug":"la-prensa-me-ha-faltado-al-respeto-paco-jemez","status":"publish","type":"post","link":"http:\/\/desarrollo.grupomedios.com\/futbol\/destacado-home\/la-prensa-me-ha-faltado-al-respeto-paco-jemez\/2017\/11","title":{"rendered":"La prensa me ha faltado al respeto: Paco J\u00e9mez"},"content":{"rendered":"<p><strong>POR: STAFF FT<\/strong><\/p>\n<p><strong>Francisco J\u00e9mez<\/strong> siempre se ha destacado por ser un hombre con mucho car\u00e1cter desde su estad\u00eda en Espa\u00f1a, y ahora en la <strong>Liga MX<\/strong>.<\/p>\n<p>En una entrevista para un medio espa\u00f1ol, el entrenador de <strong>Cruz Azul<\/strong> asegur\u00f3 que en M\u00e9xico ha tenido que sacar el car\u00e1cter, porque &#8220;se falta mucho al respeto. Muchos no est\u00e1n acostumbrados a que les contestes porque sienten que tienen el poder&#8221;.<\/p>\n<p>Adem\u00e1s, el estratega cementero a\u00f1adi\u00f3 que &#8220;si algo no permito es que se me falte al respeto, ni aqu\u00ed ni en ning\u00fan lado. Siempre voy a defender a mi club, a mis jugadores y a la afici\u00f3n&#8221;.<\/p>\n<p style=\"text-align: center;\"><span style=\"color: #333399;\"><a href=\"https:\/\/www.futboltotal.com.mx\/destacado-home\/jesus-corona-vs-agustin-marchesin-mano-a-mano-en-arco\/2017\/11\">VER M\u00c1S:\u00a0<span class=\"item-title\">Jes\u00fas Corona vs Agust\u00edn Marches\u00edn, un mano a mano en el arco<\/span><\/a><\/span><\/p>\n<p>Cruz Azul enfrentar\u00e1 este jueves por la noche a las <strong>\u00c1guilas del Am\u00e9rica<\/strong> en punto de las 19:30 en el estadio Azul, y J\u00e9mez no quiere distracciones para sus futbolistas.<\/p>\n<p>&#8220;No quiero que nada perturbe a mis jugadores, yo prefiero ser el centro de las cr\u00edticas en este momento&#8221;, sentenci\u00f3 el t\u00e9cnico espa\u00f1ol.<\/p>\n","protected":false},"excerpt":{"rendered":"<p>El entrenador espa\u00f1ol termina su contrato en diciembre de este a\u00f1o con la M\u00e1quina<\/p>\n","protected":false},"author":160,"featured_media":510353,"comment_status":"closed","ping_status":"closed","sticky":false,"template":"","format":"standard","meta":[],"categories":[5,2198,3845],"tags":[5959,8357,5962,482,64,1046,7053],"_links":{"self":[{"href":"http:\/\/desarrollo.grupomedios.com\/futbol\/wp-json\/wp\/v2\/posts\/510352"}],"collection":[{"href":"http:\/\/desarrollo.grupomedios.com\/futbol\/wp-json\/wp\/v2\/posts"}],"about":[{"href":"http:\/\/desarrollo.grupomedios.com\/futbol\/wp-json\/wp\/v2\/types\/post"}],"author":[{"embeddable":true,"href":"http:\/\/desarrollo.grupomedios.com\/futbol\/wp-json\/wp\/v2\/users\/160"}],"replies":[{"embeddable":true,"href":"http:\/\/desarrollo.grupomedios.com\/futbol\/wp-json\/wp\/v2\/comments?post=510352"}],"version-history":[{"count":1,"href":"http:\/\/desarrollo.grupomedios.com\/futbol\/wp-json\/wp\/v2\/posts\/510352\/revisions"}],"predecessor-version":[{"id":510354,"href":"http:\/\/desarrollo.grupomedios.com\/futbol\/wp-json\/wp\/v2\/posts\/510352\/revisions\/510354"}],"wp:featuredmedia":[{"embeddable":true,"href":"http:\/\/desarrollo.grupomedios.com\/futbol\/wp-json\/wp\/v2\/media\/510353"}],"wp:attachment":[{"href":"http:\/\/desarrollo.grupomedios.com\/futbol\/wp-json\/wp\/v2\/media?parent=510352"}],"wp:term":[{"taxonomy":"category","embeddable":true,"href":"http:\/\/desarrollo.grupomedios.com\/futbol\/wp-json\/wp\/v2\/categories?post=510352"},{"taxonomy":"post_tag","embeddable":true,"href":"http:\/\/desarrollo.grupomedios.com\/futbol\/wp-json\/wp\/v2\/tags?post=510352"}],"curies":[{"name":"wp","href":"https:\/\/api.w.org\/{rel}","templated":true}]}}