{"id":510364,"date":"2017-11-23T16:58:32","date_gmt":"2017-11-23T22:58:32","guid":{"rendered":"https:\/\/www.futboltotal.com.mx\/?p=510364"},"modified":"2017-11-23T16:58:32","modified_gmt":"2017-11-23T22:58:32","slug":"matias-britos-volveria-a-pumas-en-2018","status":"publish","type":"post","link":"http:\/\/desarrollo.grupomedios.com\/futbol\/futbol-mexicano\/matias-britos-volveria-a-pumas-en-2018\/2017\/11","title":{"rendered":"Mat\u00edas Britos volver\u00eda a Pumas en 2018"},"content":{"rendered":"<p>POR: STAFF FT<\/p>\n<p>Parece que el negocio de <strong>Pumas<\/strong> con <strong>Mat\u00edas Britos<\/strong> no ha salido del todo bien, pues apenas ha sido vendido para el futbol de los<strong> Emiratos \u00c1rabes Unidos<\/strong> con el <strong>Al Hilal,<\/strong> pero adem\u00e1s que no ha tenido mucha actividad, el acuerdo al que llegaron no ha sido cumplido al cien por ciento, por lo que los universitarios tendr\u00edan la opci\u00f3n de volver a contar con el delantero charr\u00faa para el <strong>Clausura 2018.<\/strong><\/p>\n<p>De acuerdo con el diario R\u00e9cord, el conjunto \u00e1rabe no ha finiquitado el traspaso del atacante uruguayo y no ha pagado <strong>5 millones de d\u00f3lares<\/strong> que restan para cerrar el acuerdo, la directiva universitaria ya se encuentra apretando a los asi\u00e1ticos para que desembolsen la cantidad a deber.<\/p>\n<p style=\"text-align: center;\"><a href=\"https:\/\/www.futboltotal.com.mx\/futbol-internacional\/robinho-rechaza-condena-violacion-en-italia\/2017\/11\">VER M\u00c1S: Robinho rechaza condena por violaci\u00f3n en Italia<\/a><\/p>\n<p>Al no haber una reacci\u00f3n de parte del <strong>Al Hilal<\/strong>, todo apunta a que la instituci\u00f3n felina har\u00e1 lo necesario por que <strong>Britos<\/strong> regresa a la <strong>Liga MX<\/strong>, sin embargo, debido a la mala relaci\u00f3n que existe con el presidente del club\u00a0<strong>Rodrigo Ares de Parga<\/strong>, lo m\u00e1s seguro es que buscar\u00edan negociarlo en el mercado invernal o cambiarlo por otro jugador.<\/p>\n<p>Mat\u00edas Britos jug\u00f3 tres a\u00f1os en el conjunto auriazul y a pesar que no logr\u00f3 m\u00e1s que un subcampeonato con los felinos, s\u00ed se gan\u00f3 el cari\u00f1\u00f3 de los aficionados quienes reprobaron su salida del club, en M\u00e9xico tambi\u00e9n estuvo en Le\u00f3n, equipo con el que logr\u00f3 ganar el bicampeonato del <strong>Apertura 2013 y el Clausura 2014<\/strong>.<\/p>\n<p style=\"text-align: center;\"><a href=\"https:\/\/www.futboltotal.com.mx\/futbol-internacional\/peru-podria-quedarse-la-copa-del-mundo-rusia-2018\/2017\/11\">VER M\u00c1S: Per\u00fa podr\u00eda quedarse fuera de la Copa del Mundo de Rusia 2018<\/a><\/p>\n","protected":false},"excerpt":{"rendered":"<p>El cuadro universitario tendr\u00eda la posibilidad de regresar al uruguayo<\/p>\n","protected":false},"author":159,"featured_media":510365,"comment_status":"closed","ping_status":"closed","sticky":false,"template":"","format":"standard","meta":[],"categories":[2198,3845],"tags":[9463,64,436,74],"_links":{"self":[{"href":"http:\/\/desarrollo.grupomedios.com\/futbol\/wp-json\/wp\/v2\/posts\/510364"}],"collection":[{"href":"http:\/\/desarrollo.grupomedios.com\/futbol\/wp-json\/wp\/v2\/posts"}],"about":[{"href":"http:\/\/desarrollo.grupomedios.com\/futbol\/wp-json\/wp\/v2\/types\/post"}],"author":[{"embeddable":true,"href":"http:\/\/desarrollo.grupomedios.com\/futbol\/wp-json\/wp\/v2\/users\/159"}],"replies":[{"embeddable":true,"href":"http:\/\/desarrollo.grupomedios.com\/futbol\/wp-json\/wp\/v2\/comments?post=510364"}],"version-history":[{"count":1,"href":"http:\/\/desarrollo.grupomedios.com\/futbol\/wp-json\/wp\/v2\/posts\/510364\/revisions"}],"predecessor-version":[{"id":510366,"href":"http:\/\/desarrollo.grupomedios.com\/futbol\/wp-json\/wp\/v2\/posts\/510364\/revisions\/510366"}],"wp:featuredmedia":[{"embeddable":true,"href":"http:\/\/desarrollo.grupomedios.com\/futbol\/wp-json\/wp\/v2\/media\/510365"}],"wp:attachment":[{"href":"http:\/\/desarrollo.grupomedios.com\/futbol\/wp-json\/wp\/v2\/media?parent=510364"}],"wp:term":[{"taxonomy":"category","embeddable":true,"href":"http:\/\/desarrollo.grupomedios.com\/futbol\/wp-json\/wp\/v2\/categories?post=510364"},{"taxonomy":"post_tag","embeddable":true,"href":"http:\/\/desarrollo.grupomedios.com\/futbol\/wp-json\/wp\/v2\/tags?post=510364"}],"curies":[{"name":"wp","href":"https:\/\/api.w.org\/{rel}","templated":true}]}}