{"id":510391,"date":"2017-11-24T09:57:31","date_gmt":"2017-11-24T15:57:31","guid":{"rendered":"https:\/\/www.futboltotal.com.mx\/?p=510391"},"modified":"2017-11-24T09:57:31","modified_gmt":"2017-11-24T15:57:31","slug":"erick-gutierrez-todavia-suena-mundial-clubes","status":"publish","type":"post","link":"http:\/\/desarrollo.grupomedios.com\/futbol\/futbol-mexicano\/erick-gutierrez-todavia-suena-mundial-clubes\/2017\/11","title":{"rendered":"Erick Guti\u00e9rrez todav\u00eda sue\u00f1a con el Mundial de Clubes"},"content":{"rendered":"<p>POR: STAFF FT<\/p>\n<p>Luego de la aparatosa lesi\u00f3n que sufri\u00f3 el mediocampista mexicano de Pachuca,\u00a0<strong>Erick Guti\u00e9rrez<\/strong>, en el juego frente a laos Rojinegros del Atlas se le ha diagnosticado una\u00a0ruptura parcial de ligamentos en la rodilla derecha, sin embargo tanto el futbolista como la directiva Tuza no pierden la esperanza que llegue para el\u00a0<strong>Mundial de Clube<\/strong>s.<\/p>\n<p>\u201cNo, al parecer la\u00a0<strong>lesi\u00f3n\u00a0<\/strong>no es quir\u00fargica hasta el momento, estas cosas dependen de c\u00f3mo vaya evolucionando; en este momento no lo vamos a operar. Est\u00e1 registrado para el\u00a0<strong>Mundial de Clubes<\/strong>, s\u00ed viaja (p<strong>ara Emiratos \u00c1rabes Unidos)<\/strong>\u201d, expres\u00f3 el director deportivo del club,\u00a0<strong>Marco Garc\u00e9s\u00a0<\/strong>para el diario r\u00e9cord.<\/p>\n<p style=\"text-align: center;\"><a href=\"https:\/\/www.futboltotal.com.mx\/futbol-mexicano\/liga-mx\/matias-britos-volveria-a-pumas-en-2018\/2017\/11\">VER M\u00c1S: Mat\u00edas Britos volver\u00eda a Pumas en 2018<\/a><\/p>\n<p>Esto pese a que la competencia se acerca mucho, pues es a principios del siguiente mes cuando est\u00e9 comenzando la participaci\u00f3n de los hidalguenses, sin embargo, al no tener un tiempo determinado de recuperaci\u00f3n esperan que el futbolista logre recuperarse para la justa.<\/p>\n<div class=\"field field-name-body field-type-text-with-summary field-label-hidden txt_nota\">\n<div class=\"field-items\">\n<div class=\"field-item even\">\n<p>\u201cEn este momento es dif\u00edcil de\u00a0<strong>pronosticar<\/strong>, hay que ir viendo la evoluci\u00f3n, los estudios m\u00e9dicos, las\u00a0<strong>im\u00e1genes<\/strong>, la historia cl\u00ednica indica que la lesi\u00f3n no es\u00a0<strong>quir\u00fargica\u00a0<\/strong>y el tiempo de evoluci\u00f3n, no s\u00e9, un par de meses, pero esto va cambiando d\u00eda a d\u00eda, constantemente nos cambian el\u00a0<strong>diagn\u00f3stico<\/strong>\u201d, explic\u00f3 el directivo de Pachuca<\/p>\n<p>Tuzos abrir\u00e1n el torneo jugando frente al\u00a0<strong>Wydad de Casablanca<\/strong>, el 9 de diciembre.<\/p>\n<\/div>\n<\/div>\n<\/div>\n<div class=\"field field-name-network-pontamedia-comentario field-type-ds field-label-hidden\">\n<p style=\"text-align: center;\"><a href=\"https:\/\/www.futboltotal.com.mx\/futbol-internacional\/robinho-rechaza-condena-violacion-en-italia\/2017\/11\">VER M\u00c1S: Robinho rechaza condena por violaci\u00f3n en Italia<\/a><\/p>\n<\/div>\n","protected":false},"excerpt":{"rendered":"<p>El mediocampista podr\u00eda recuperarse<\/p>\n","protected":false},"author":159,"featured_media":510392,"comment_status":"closed","ping_status":"closed","sticky":false,"template":"","format":"standard","meta":[],"categories":[2198,3845],"tags":[6158,415,5968],"_links":{"self":[{"href":"http:\/\/desarrollo.grupomedios.com\/futbol\/wp-json\/wp\/v2\/posts\/510391"}],"collection":[{"href":"http:\/\/desarrollo.grupomedios.com\/futbol\/wp-json\/wp\/v2\/posts"}],"about":[{"href":"http:\/\/desarrollo.grupomedios.com\/futbol\/wp-json\/wp\/v2\/types\/post"}],"author":[{"embeddable":true,"href":"http:\/\/desarrollo.grupomedios.com\/futbol\/wp-json\/wp\/v2\/users\/159"}],"replies":[{"embeddable":true,"href":"http:\/\/desarrollo.grupomedios.com\/futbol\/wp-json\/wp\/v2\/comments?post=510391"}],"version-history":[{"count":1,"href":"http:\/\/desarrollo.grupomedios.com\/futbol\/wp-json\/wp\/v2\/posts\/510391\/revisions"}],"predecessor-version":[{"id":510393,"href":"http:\/\/desarrollo.grupomedios.com\/futbol\/wp-json\/wp\/v2\/posts\/510391\/revisions\/510393"}],"wp:featuredmedia":[{"embeddable":true,"href":"http:\/\/desarrollo.grupomedios.com\/futbol\/wp-json\/wp\/v2\/media\/510392"}],"wp:attachment":[{"href":"http:\/\/desarrollo.grupomedios.com\/futbol\/wp-json\/wp\/v2\/media?parent=510391"}],"wp:term":[{"taxonomy":"category","embeddable":true,"href":"http:\/\/desarrollo.grupomedios.com\/futbol\/wp-json\/wp\/v2\/categories?post=510391"},{"taxonomy":"post_tag","embeddable":true,"href":"http:\/\/desarrollo.grupomedios.com\/futbol\/wp-json\/wp\/v2\/tags?post=510391"}],"curies":[{"name":"wp","href":"https:\/\/api.w.org\/{rel}","templated":true}]}}