{"id":510423,"date":"2017-11-24T14:59:51","date_gmt":"2017-11-24T20:59:51","guid":{"rendered":"https:\/\/www.futboltotal.com.mx\/?p=510423"},"modified":"2017-11-24T15:01:38","modified_gmt":"2017-11-24T21:01:38","slug":"regalo-del-canelo-en-visita-al-papa-francisco","status":"publish","type":"post","link":"http:\/\/desarrollo.grupomedios.com\/futbol\/no-todo-es-futbol\/regalo-del-canelo-en-visita-al-papa-francisco\/2017\/11","title":{"rendered":"El regalo del &#8216;Canelo&#8217; en su visita al Papa Francisco"},"content":{"rendered":"<p><strong>POR: STAFF FT<\/strong><\/p>\n<p>Una gran oportunidad fue la que tuvo<strong> Sa\u00fal &#8216;Canelo&#8217; \u00c1lvarez<\/strong> en d\u00edas pasados cuando se le dio la oportunidad de presentarse frente al <strong>Papa Francisco<\/strong>.<\/p>\n<p>La <em>revista Ecclesia<\/em> dio a conocer que el boxeador mexicano mostr\u00f3 su agradecimiento al Sumo Pont\u00edfice por el hecho de darle una audiencia y poder charlar con \u00e9l.<\/p>\n<p>El &#8216;Canelo&#8217; estuvo muy emocionado, habl\u00f3 sobre el cari\u00f1o que tiene <strong>M\u00e9xico<\/strong> por el Papa Francisco y la bendici\u00f3n que fue para Sa\u00fal \u00c1lvarez el hecho de que el m\u00e1ximo jerarca de la iglesia lo recibiera.<\/p>\n<p>El boxeador tapat\u00edo le entreg\u00f3 como regalo unos <strong>guantes firmados con una leyenda muy particular:<\/strong> &#8220;M\u00e9xico lo quiere&#8221;, fueron las palabras del pugilista.<\/p>\n<p>Sa\u00fal \u00c1lvarez se preparar\u00e1 para su pr\u00f3xima pelea que muy posiblemente ser\u00e1 la revancha contra el kazajo <strong>Gennady Golovkin<\/strong>.<\/p>\n<p>&nbsp;<\/p>\n","protected":false},"excerpt":{"rendered":"<p>El boxeador mexicano estuvo presente en d\u00edas pasados con el sumo Pont\u00edfice<\/p>\n","protected":false},"author":160,"featured_media":510424,"comment_status":"closed","ping_status":"closed","sticky":false,"template":"","format":"standard","meta":[],"categories":[6282,5418,6411],"tags":[9996,8004],"_links":{"self":[{"href":"http:\/\/desarrollo.grupomedios.com\/futbol\/wp-json\/wp\/v2\/posts\/510423"}],"collection":[{"href":"http:\/\/desarrollo.grupomedios.com\/futbol\/wp-json\/wp\/v2\/posts"}],"about":[{"href":"http:\/\/desarrollo.grupomedios.com\/futbol\/wp-json\/wp\/v2\/types\/post"}],"author":[{"embeddable":true,"href":"http:\/\/desarrollo.grupomedios.com\/futbol\/wp-json\/wp\/v2\/users\/160"}],"replies":[{"embeddable":true,"href":"http:\/\/desarrollo.grupomedios.com\/futbol\/wp-json\/wp\/v2\/comments?post=510423"}],"version-history":[{"count":2,"href":"http:\/\/desarrollo.grupomedios.com\/futbol\/wp-json\/wp\/v2\/posts\/510423\/revisions"}],"predecessor-version":[{"id":510426,"href":"http:\/\/desarrollo.grupomedios.com\/futbol\/wp-json\/wp\/v2\/posts\/510423\/revisions\/510426"}],"wp:featuredmedia":[{"embeddable":true,"href":"http:\/\/desarrollo.grupomedios.com\/futbol\/wp-json\/wp\/v2\/media\/510424"}],"wp:attachment":[{"href":"http:\/\/desarrollo.grupomedios.com\/futbol\/wp-json\/wp\/v2\/media?parent=510423"}],"wp:term":[{"taxonomy":"category","embeddable":true,"href":"http:\/\/desarrollo.grupomedios.com\/futbol\/wp-json\/wp\/v2\/categories?post=510423"},{"taxonomy":"post_tag","embeddable":true,"href":"http:\/\/desarrollo.grupomedios.com\/futbol\/wp-json\/wp\/v2\/tags?post=510423"}],"curies":[{"name":"wp","href":"https:\/\/api.w.org\/{rel}","templated":true}]}}