{"id":510437,"date":"2017-11-24T16:31:04","date_gmt":"2017-11-24T22:31:04","guid":{"rendered":"https:\/\/www.futboltotal.com.mx\/?p=510437"},"modified":"2017-11-24T16:31:04","modified_gmt":"2017-11-24T22:31:04","slug":"la-condicion-cruz-azul-renovar-a-paco-jemez","status":"publish","type":"post","link":"http:\/\/desarrollo.grupomedios.com\/futbol\/futbol-mexicano\/la-condicion-cruz-azul-renovar-a-paco-jemez\/2017\/11","title":{"rendered":"La condici\u00f3n de Cruz Azul para renovar a Paco J\u00e9mez"},"content":{"rendered":"<p><strong>POR: STAFF FT<\/strong><\/p>\n<p><strong>Paco J\u00e9mez<\/strong> tendr\u00eda decidida su marcha del <strong>Cruz Azul<\/strong> y todo parece que ser\u00eda <strong>Pedro Caixinha<\/strong> el nuevo estratega cementero, de hecho el espa\u00f1ol ha dicho que desea seis mese de receso para finalizar su contrato con la <strong>M\u00e1quina<\/strong> pero la directiva cementera tiene una condici\u00f3n para intentar retener al estratega; si llega a la final del actual torneo <strong>Apertura 2017<\/strong>.<\/p>\n<p>De acuerdo con el diario R\u00e9cord, las posibilidades de J\u00e9mez para quedarse en el banquillo cementero dependen de si logra eliminar al cuadro del <strong>Am\u00e9rica en los cuartos de final,<\/strong> pero de llegar a la final del actual torneo, la directiva har\u00eda todo lo posible para retener al estratega y mejorar\u00eda sus condiciones contractuales para el pr\u00f3ximo semestre.<\/p>\n<p style=\"text-align: center;\"><a href=\"https:\/\/www.futboltotal.com.mx\/futbol-mexicano\/liga-mx\/los-delanteros-mexicanos-que-si-juegan-en-la-liga-mx\/2017\/11\">VER M\u00c1S: Los delanteros mexicanos que S\u00cd juegan en la Liga MX<\/a><\/p>\n<p>Otra de las situaciones que estudia el cuadro cementero es facilitar<strong> la posibilidad para que los familiares de Paco J\u00e9mez est\u00e9n en M\u00e9xico<\/strong>, pues es una de las principales razones por las que el espa\u00f1ol desea marcharse, por lo que m\u00e1s all\u00e1 de los temas econ\u00f3micos este ser\u00eda el objetivo m\u00e1s dif\u00edcil de consumar para la escuadra cementera.<\/p>\n<p>A pesar de ello, en medios nacionales sigue circulando como una confirmaci\u00f3n que el estratega portugu\u00e9s, <strong>Pedro Caixinha<\/strong> como sustituto del espa\u00f1ol, al momento, despu\u00e9s de su despido del Rangers de Escocia, no se ha dado una declaraci\u00f3n al respecto por parte del luso.<\/p>\n<p style=\"text-align: center;\"><a href=\"https:\/\/www.futboltotal.com.mx\/futbol-mexicano\/liga-femenil\/aspectos-positivos-nos-dejo-la-liga-mx-femenil\/2017\/11\">VER M\u00c1S: Aspectos positivos que nos dej\u00f3 la Liga MX Femenil<\/a><\/p>\n<p>&nbsp;<\/p>\n","protected":false},"excerpt":{"rendered":"<p>El estratega espa\u00f1ol podr\u00eda tener mejores ingresos econ\u00f3micos<\/p>\n","protected":false},"author":159,"featured_media":510438,"comment_status":"closed","ping_status":"closed","sticky":false,"template":"","format":"standard","meta":[],"categories":[2198,3845],"tags":[5962,64,7053],"_links":{"self":[{"href":"http:\/\/desarrollo.grupomedios.com\/futbol\/wp-json\/wp\/v2\/posts\/510437"}],"collection":[{"href":"http:\/\/desarrollo.grupomedios.com\/futbol\/wp-json\/wp\/v2\/posts"}],"about":[{"href":"http:\/\/desarrollo.grupomedios.com\/futbol\/wp-json\/wp\/v2\/types\/post"}],"author":[{"embeddable":true,"href":"http:\/\/desarrollo.grupomedios.com\/futbol\/wp-json\/wp\/v2\/users\/159"}],"replies":[{"embeddable":true,"href":"http:\/\/desarrollo.grupomedios.com\/futbol\/wp-json\/wp\/v2\/comments?post=510437"}],"version-history":[{"count":1,"href":"http:\/\/desarrollo.grupomedios.com\/futbol\/wp-json\/wp\/v2\/posts\/510437\/revisions"}],"predecessor-version":[{"id":510439,"href":"http:\/\/desarrollo.grupomedios.com\/futbol\/wp-json\/wp\/v2\/posts\/510437\/revisions\/510439"}],"wp:featuredmedia":[{"embeddable":true,"href":"http:\/\/desarrollo.grupomedios.com\/futbol\/wp-json\/wp\/v2\/media\/510438"}],"wp:attachment":[{"href":"http:\/\/desarrollo.grupomedios.com\/futbol\/wp-json\/wp\/v2\/media?parent=510437"}],"wp:term":[{"taxonomy":"category","embeddable":true,"href":"http:\/\/desarrollo.grupomedios.com\/futbol\/wp-json\/wp\/v2\/categories?post=510437"},{"taxonomy":"post_tag","embeddable":true,"href":"http:\/\/desarrollo.grupomedios.com\/futbol\/wp-json\/wp\/v2\/tags?post=510437"}],"curies":[{"name":"wp","href":"https:\/\/api.w.org\/{rel}","templated":true}]}}