{"id":510476,"date":"2017-11-25T13:11:00","date_gmt":"2017-11-25T19:11:00","guid":{"rendered":"https:\/\/www.futboltotal.com.mx\/?p=510476"},"modified":"2017-11-25T13:11:00","modified_gmt":"2017-11-25T19:11:00","slug":"pachuca-baja-precio-rodolfo-cota-chivas","status":"publish","type":"post","link":"http:\/\/desarrollo.grupomedios.com\/futbol\/destacado-home\/pachuca-baja-precio-rodolfo-cota-chivas\/2017\/11","title":{"rendered":"Pachuca baja el precio de Rodolfo Cota para Chivas"},"content":{"rendered":"<p><strong>POR: STAFF FT<\/strong><\/p>\n<p>El cuadro de los<strong> Tuzos del Pachuca<\/strong> ha bajado el precio del guardameta<strong> Rodolfo Cota<\/strong> para que se quede con las <strong>Chivas del Guadalajara<\/strong>, as\u00ed lo manifest\u00f3 el presidente del club hidalguense,<strong> Jes\u00fas Mart\u00ednez<\/strong> pues dijo que est\u00e1 consciente que Cota es un \u00eddolo para la afici\u00f3n<strong> Rojiblanca<\/strong> luego de sus actuaciones y haber ganado el doblete el a\u00f1o pasado.<\/p>\n<p>\u201c<strong>Cota ya se le est\u00e1 rebajando bastante a Chivas<\/strong>. Est\u00e1 en Chivas si acepta la oferta, pero <strong>hay un descuento<\/strong>. Queremos cooperar, sabemos que Cota es un \u00eddolo en Chivas y estamos dispuestos a hacer un esfuerzo. Se lo merece el muchacho, adem\u00e1s tenemos una gran relaci\u00f3n con <strong>Jorge (Vergara) y Jos\u00e9 Luis (Higuera)<\/strong>. Esperamos eso, que ellos decidan\u201d, expres\u00f3 el presidente de los Tuzos.<\/p>\n<p style=\"text-align: center;\"><a href=\"https:\/\/www.futboltotal.com.mx\/futbol-mexicano\/liga-mx\/atletico-nacional-quiere-al-rifle-andrade-leon\/2017\/11\" target=\"_blank\" rel=\"noopener\">VER M\u00c1S: Atl\u00e9tico Nacional quiere robarse al Rifle Andrade<\/a><\/p>\n<p>Los de Guadalajara hab\u00edan manifestado que el guardameta ten\u00eda un precio muy alto y la cifra que se manej\u00f3 alrededor de \u00e9l era casi de <strong>nueve millones de d\u00f3lares<\/strong> y no har\u00eda v\u00e1lida la opci\u00f3n de compra. Sin embargo con estas declaraciones las cosas podr\u00edan cambiar, pues por ahora ser\u00eda decisi\u00f3n del Reba\u00f1o quedarse con el guardameta.<\/p>\n<p>Esto echar\u00eda abajo los rumores que situaban a<strong> Jos\u00e9 de Jes\u00fas Corona<\/strong>, actual portero de Cruz Azul en el cuadro de Chivas, adem\u00e1s de otros nombres que se manejaban como intercambio para llegar a la escuadra cementera.<\/p>\n<p style=\"text-align: center;\"><a href=\"https:\/\/www.futboltotal.com.mx\/futbol-mexicano\/liga-mx\/dorlan-pabon-ya-tendria-acuerdo-con-pachuca\/2017\/11\" target=\"_blank\" rel=\"noopener\">VER M\u00c1S: Dorlan Pab\u00f3n ya tendr\u00eda acuerdo con Pachuca<\/a><\/p>\n<p>&nbsp;<\/p>\n","protected":false},"excerpt":{"rendered":"<p>El guardameta podr\u00eda quedarse con los Rojiblancos<\/p>\n","protected":false},"author":159,"featured_media":510477,"comment_status":"closed","ping_status":"closed","sticky":false,"template":"","format":"standard","meta":[],"categories":[5,2198,3845],"tags":[70,64,5968,6920],"_links":{"self":[{"href":"http:\/\/desarrollo.grupomedios.com\/futbol\/wp-json\/wp\/v2\/posts\/510476"}],"collection":[{"href":"http:\/\/desarrollo.grupomedios.com\/futbol\/wp-json\/wp\/v2\/posts"}],"about":[{"href":"http:\/\/desarrollo.grupomedios.com\/futbol\/wp-json\/wp\/v2\/types\/post"}],"author":[{"embeddable":true,"href":"http:\/\/desarrollo.grupomedios.com\/futbol\/wp-json\/wp\/v2\/users\/159"}],"replies":[{"embeddable":true,"href":"http:\/\/desarrollo.grupomedios.com\/futbol\/wp-json\/wp\/v2\/comments?post=510476"}],"version-history":[{"count":2,"href":"http:\/\/desarrollo.grupomedios.com\/futbol\/wp-json\/wp\/v2\/posts\/510476\/revisions"}],"predecessor-version":[{"id":510479,"href":"http:\/\/desarrollo.grupomedios.com\/futbol\/wp-json\/wp\/v2\/posts\/510476\/revisions\/510479"}],"wp:featuredmedia":[{"embeddable":true,"href":"http:\/\/desarrollo.grupomedios.com\/futbol\/wp-json\/wp\/v2\/media\/510477"}],"wp:attachment":[{"href":"http:\/\/desarrollo.grupomedios.com\/futbol\/wp-json\/wp\/v2\/media?parent=510476"}],"wp:term":[{"taxonomy":"category","embeddable":true,"href":"http:\/\/desarrollo.grupomedios.com\/futbol\/wp-json\/wp\/v2\/categories?post=510476"},{"taxonomy":"post_tag","embeddable":true,"href":"http:\/\/desarrollo.grupomedios.com\/futbol\/wp-json\/wp\/v2\/tags?post=510476"}],"curies":[{"name":"wp","href":"https:\/\/api.w.org\/{rel}","templated":true}]}}