{"id":510492,"date":"2017-11-25T16:35:22","date_gmt":"2017-11-25T22:35:22","guid":{"rendered":"https:\/\/www.futboltotal.com.mx\/?p=510492"},"modified":"2017-11-25T16:35:22","modified_gmt":"2017-11-25T22:35:22","slug":"tuca-ferretti-renueva-tigres-2020","status":"publish","type":"post","link":"http:\/\/desarrollo.grupomedios.com\/futbol\/futbol-mexicano\/tuca-ferretti-renueva-tigres-2020\/2017\/11","title":{"rendered":"Tuca Ferretti renueva con Tigres hasta 2020"},"content":{"rendered":"<p><strong>POR: STAFF FT<\/strong><\/p>\n<p>Ya exist\u00eda un acuerdo verbal entre el cuadro de <strong>Tigres UANL<\/strong> y el estratega <strong>Ricardo &#8216;Tuca&#8217; Ferretti<\/strong> para firmar una extensi\u00f3n de contrato, pero faltaba ponerlo en papel y hoy se ha estampado la firma para llegar hasta el <strong>2020<\/strong> como felino y el propio DT se encarg\u00f3 de llevar la noticia a sus futbolistas en la concentraci\u00f3n previa al juego ante <strong>Le\u00f3n.<\/strong><\/p>\n<p>El contrato que ten\u00eda el estratega venc\u00eda en 2018, por lo que exist\u00eda alguna incertidumbre debido a la extensi\u00f3n de dos a\u00f1os que no se hab\u00eda firmado, pero de acuerdo a diversos medios nacionales, el acuerdo que se encontraban en el aire se ha consumado por parte de los directivos felinos\u00a0<strong>Alejandro Rodr\u00edguez y Miguel \u00c1ngel Garza.<\/strong><\/p>\n<p style=\"text-align: center;\"><a href=\"https:\/\/www.futboltotal.com.mx\/futbol-internacional\/liga-de-espana\/real-betis-2-girona-2-laliga-2017-resumen\/2017\/11\" target=\"_blank\" rel=\"noopener\">VER M\u00c1S: \u00a1Mira el golazo de Andr\u00e9s Guardado con el Betis!<\/a><\/p>\n<p>\u201cTuca ya se lo dijo al plantel, aprovech\u00f3 la concentraci\u00f3n y les comunic\u00f3 que ya estamp\u00f3 su firma hasta el 2020, porque todos ya sab\u00edan que hab\u00eda acordado una extensi\u00f3n de contrato, pero no se hab\u00eda finiquitado legalmente, en papel, era s\u00f3lo de palabra, pero hoy ya es un hecho que renov\u00f3\u201d, explic\u00f3 una fuente para Multimedios.<\/p>\n<p style=\"text-align: left;\">En junio del a\u00f1o 2020, el estratega cumplir\u00e1 10 a\u00f1os al frente de los Felinos y ha logrado mucho pues ha hecho al equipo c<strong>ampe\u00f3n de liga entres ocasiones, adem\u00e1s de un t\u00edtulo de Copa y participaciones destacadas tanto en Liga de Campeones de la Concacaf y Copa Libertadores<\/strong>.<\/p>\n<p style=\"text-align: center;\"><a href=\"https:\/\/www.futboltotal.com.mx\/futbol-mexicano\/liga-mx\/pumas-busca-al-peruano-alexander-succar\/2017\/11\" target=\"_blank\" rel=\"noopener\">VER M\u00c1S: Pumas busca al delantero peruano, Alexander Succa<\/a><\/p>\n","protected":false},"excerpt":{"rendered":"<p>El estratega seguir\u00e1 vinculado con la instituci\u00f3n por 2 a\u00f1os m\u00e1s<\/p>\n","protected":false},"author":159,"featured_media":510495,"comment_status":"closed","ping_status":"closed","sticky":false,"template":"","format":"standard","meta":[],"categories":[2198,3845],"tags":[64,104,5973,1458,444],"_links":{"self":[{"href":"http:\/\/desarrollo.grupomedios.com\/futbol\/wp-json\/wp\/v2\/posts\/510492"}],"collection":[{"href":"http:\/\/desarrollo.grupomedios.com\/futbol\/wp-json\/wp\/v2\/posts"}],"about":[{"href":"http:\/\/desarrollo.grupomedios.com\/futbol\/wp-json\/wp\/v2\/types\/post"}],"author":[{"embeddable":true,"href":"http:\/\/desarrollo.grupomedios.com\/futbol\/wp-json\/wp\/v2\/users\/159"}],"replies":[{"embeddable":true,"href":"http:\/\/desarrollo.grupomedios.com\/futbol\/wp-json\/wp\/v2\/comments?post=510492"}],"version-history":[{"count":1,"href":"http:\/\/desarrollo.grupomedios.com\/futbol\/wp-json\/wp\/v2\/posts\/510492\/revisions"}],"predecessor-version":[{"id":510496,"href":"http:\/\/desarrollo.grupomedios.com\/futbol\/wp-json\/wp\/v2\/posts\/510492\/revisions\/510496"}],"wp:featuredmedia":[{"embeddable":true,"href":"http:\/\/desarrollo.grupomedios.com\/futbol\/wp-json\/wp\/v2\/media\/510495"}],"wp:attachment":[{"href":"http:\/\/desarrollo.grupomedios.com\/futbol\/wp-json\/wp\/v2\/media?parent=510492"}],"wp:term":[{"taxonomy":"category","embeddable":true,"href":"http:\/\/desarrollo.grupomedios.com\/futbol\/wp-json\/wp\/v2\/categories?post=510492"},{"taxonomy":"post_tag","embeddable":true,"href":"http:\/\/desarrollo.grupomedios.com\/futbol\/wp-json\/wp\/v2\/tags?post=510492"}],"curies":[{"name":"wp","href":"https:\/\/api.w.org\/{rel}","templated":true}]}}