{"id":510556,"date":"2017-11-26T14:11:36","date_gmt":"2017-11-26T20:11:36","guid":{"rendered":"https:\/\/www.futboltotal.com.mx\/?p=510556"},"modified":"2017-11-26T14:12:49","modified_gmt":"2017-11-26T20:12:49","slug":"justin-kluivert-brilla-en-la-eredivisie-supera-a-padre-patrick","status":"publish","type":"post","link":"http:\/\/desarrollo.grupomedios.com\/futbol\/futbol-internacional\/justin-kluivert-brilla-en-la-eredivisie-supera-a-padre-patrick\/2017\/11","title":{"rendered":"Justin Kluivert brilla en la Eredivisie y supera a su padre, Patrick"},"content":{"rendered":"<p><strong>Justin Kluivert<\/strong> firm\u00f3 un triplete en la goleada del<strong> Ajax<\/strong> sobre el Roda (5-1), con lo que super\u00f3 a su padre, <strong>Patrick<\/strong>, que nunca alcanz\u00f3 ese logro en la Eredivisie.<\/p>\n<p>El joven atacante holand\u00e9s, de 18 a\u00f1os, hijo del exdelantero de Ajax, Milan, Barcelona, Newcastle, Valencia o PSV, aprovech\u00f3 la ocasi\u00f3n para superar a su padre con su primer triplete en el torneo dom\u00e9stico holand\u00e9s, en el que el equipo &#8216;ajacied&#8217; es segundo a ocho puntos del PSV Eindhoven.<\/p>\n<p style=\"text-align: center;\"><span style=\"color: #3366ff;\"><a href=\"https:\/\/www.futboltotal.com.mx\/destacado-home\/memo-ochoa-ataja-penal-standard-esta-en-zona-playoffs\/2017\/11\">VER M\u00c1S: Memo Ochoa ataja penal y el Standard est\u00e1 en zona de playoffs<\/a><\/span><\/p>\n<blockquote class=\"twitter-tweet\" data-data-dnt=\"true\">\n<p lang=\"en\" dir=\"ltr\">HATTRICK HERO! \ud83c\udfaf\ud83c\udfaf\ud83c\udfaf<a href=\"https:\/\/twitter.com\/hashtag\/ajarod?src=hash&amp;ref_src=twsrc%5Etfw\">#ajarod<\/a> <a href=\"https:\/\/t.co\/IOISnXHHhy\">pic.twitter.com\/IOISnXHHhy<\/a><\/p>\n<p>&mdash; AFC Ajax (@AFCAjax) <a href=\"https:\/\/twitter.com\/AFCAjax\/status\/934784556636532742?ref_src=twsrc%5Etfw\">November 26, 2017<\/a><\/p><\/blockquote>\n<p><script async src=\"https:\/\/platform.twitter.com\/widgets.js\" charset=\"utf-8\"><\/script><\/p>\n<p>Kluivert, que a\u00fan no se hab\u00eda estrenado como goleador en la presente liga, igual\u00f3 el marcador al borde del descanso, sum\u00f3 su segundo tanto en el minuto 60 y cerr\u00f3 la cuenta a cinco minutos del final del partido.<\/p>\n<p>Justo despu\u00e9s fue sustituido por Dennis Johnsen y recibi\u00f3 como recompensa una gran ovaci\u00f3n de la afici\u00f3n del Amsterdam Arena. EFE<\/p>\n","protected":false},"excerpt":{"rendered":"<p>El joven holand\u00e9s marc\u00f3 un triplete con el Ajax.<\/p>\n","protected":false},"author":129,"featured_media":510557,"comment_status":"closed","ping_status":"closed","sticky":false,"template":"","format":"standard","meta":[],"categories":[9721,3839],"tags":[1603,4420,9503,910],"_links":{"self":[{"href":"http:\/\/desarrollo.grupomedios.com\/futbol\/wp-json\/wp\/v2\/posts\/510556"}],"collection":[{"href":"http:\/\/desarrollo.grupomedios.com\/futbol\/wp-json\/wp\/v2\/posts"}],"about":[{"href":"http:\/\/desarrollo.grupomedios.com\/futbol\/wp-json\/wp\/v2\/types\/post"}],"author":[{"embeddable":true,"href":"http:\/\/desarrollo.grupomedios.com\/futbol\/wp-json\/wp\/v2\/users\/129"}],"replies":[{"embeddable":true,"href":"http:\/\/desarrollo.grupomedios.com\/futbol\/wp-json\/wp\/v2\/comments?post=510556"}],"version-history":[{"count":1,"href":"http:\/\/desarrollo.grupomedios.com\/futbol\/wp-json\/wp\/v2\/posts\/510556\/revisions"}],"predecessor-version":[{"id":510558,"href":"http:\/\/desarrollo.grupomedios.com\/futbol\/wp-json\/wp\/v2\/posts\/510556\/revisions\/510558"}],"wp:featuredmedia":[{"embeddable":true,"href":"http:\/\/desarrollo.grupomedios.com\/futbol\/wp-json\/wp\/v2\/media\/510557"}],"wp:attachment":[{"href":"http:\/\/desarrollo.grupomedios.com\/futbol\/wp-json\/wp\/v2\/media?parent=510556"}],"wp:term":[{"taxonomy":"category","embeddable":true,"href":"http:\/\/desarrollo.grupomedios.com\/futbol\/wp-json\/wp\/v2\/categories?post=510556"},{"taxonomy":"post_tag","embeddable":true,"href":"http:\/\/desarrollo.grupomedios.com\/futbol\/wp-json\/wp\/v2\/tags?post=510556"}],"curies":[{"name":"wp","href":"https:\/\/api.w.org\/{rel}","templated":true}]}}