{"id":510559,"date":"2017-11-26T15:33:08","date_gmt":"2017-11-26T21:33:08","guid":{"rendered":"https:\/\/www.futboltotal.com.mx\/?p=510559"},"modified":"2017-11-26T15:33:08","modified_gmt":"2017-11-26T21:33:08","slug":"rescatan-4-alpinistas-del-pico-orizaba-en-mexico","status":"publish","type":"post","link":"http:\/\/desarrollo.grupomedios.com\/futbol\/otros-deportes\/rescatan-4-alpinistas-del-pico-orizaba-en-mexico\/2017\/11","title":{"rendered":"Rescatan 4 alpinistas del Pico de Orizaba en M\u00e9xico"},"content":{"rendered":"<p>Cuatro monta\u00f1istas estadounidenses que sufrieron un percance en el volc\u00e1n <strong>Citlalt\u00e9petl,<\/strong> la monta\u00f1a m\u00e1s alta de <strong>M\u00e9xico<\/strong>, fueron rescatados y la asociaci\u00f3n civil <strong>Rescate Alpino Mexicano<\/strong> est\u00e1 buscando a uno m\u00e1s, inform\u00f3 hoy la <strong>Direcci\u00f3n de Protecci\u00f3n Civil del estado de Puebla<\/strong>.<\/p>\n<p>Dos de las personas lesionadas en el Citlalt\u00e9petl, tambi\u00e9n conocido como <strong>Pico de Orizaba<\/strong>, fueron recatadas anoche y fueron trasladadas a Ciudad de M\u00e9xico.<\/p>\n<p>Otras dos fueron rescatadas en las primeras horas de este domingo por elementos de la Secretar\u00eda de Marina Armada de M\u00e9xico y del Sistema de Urgencias M\u00e9dicas Avanzadas de Puebla, y fueron llevadas a un hospital de la ciudad de Puebla.<\/p>\n<p style=\"text-align: center;\"><span style=\"color: #3366ff;\"><a href=\"https:\/\/www.futboltotal.com.mx\/futbol-internacional\/eredivisie\/justin-kluivert-brilla-en-la-eredivisie-supera-a-padre-patrick\/2017\/11\">VER M\u00c1S: Justin Kluivert brilla en la Eredivisie y supera a su padre, Patrick<\/a><\/span><\/p>\n<p>&#8220;Falta un quinto hombre que solo puede ser rescatado por tierra y est\u00e1 en ello Rescate Alpino de Mexicano&#8221;, indic\u00f3 Protecci\u00f3n Civil a trav\u00e9s de la red Twitter.<\/p>\n<p>Aunque el reporte inicial de los cuerpos de emergencia indicaba que se trataba de cuatro miembros de la Marina lesionados, la Direcci\u00f3n de Protecci\u00f3n Civil precis\u00f3 que se trata de cinco monta\u00f1istas estadounidenses.<\/p>\n<p>Luego de que el incidente fuera reportado el s\u00e1bado, cuerpos de rescate solicitaron el apoyo de un helic\u00f3ptero para sacar a los lesionados, pero las condiciones climatol\u00f3gicas impidieron el rescate v\u00eda a\u00e9rea del grupo, que qued\u00f3 varado en la zona conocida como El Sarc\u00f3fago, en el lado norte del volc\u00e1n.<\/p>\n<p>El Club Alpino Mexicano delegaci\u00f3n Ciudad Serd\u00e1n y Rescate Alpino Mexicano delegaci\u00f3n Tlachichuca iniciaron los trabajos de rescate la noche del s\u00e1bado de manera terrestre, ascendiendo por la cara norte.<\/p>\n<p>Este es el tercer accidente en lo que va del mes en la misma zona del volc\u00e1n, con saldo hasta ahora de dos muertos y cinco lesionados.<\/p>\n<p>El Citlalt\u00e9petl, ubicado en los l\u00edmites de los estados de Puebla y Veracruz, es la monta\u00f1a m\u00e1s alta de M\u00e9xico, con una altitud de 5.747 metros sobre el nivel del mar. EFE<\/p>\n","protected":false},"excerpt":{"rendered":"<p>La Direcci\u00f3n de Protecci\u00f3n Civil del estado de Puebla anunci\u00f3 el rescate de los estadounidenses.<\/p>\n","protected":false},"author":129,"featured_media":510560,"comment_status":"closed","ping_status":"closed","sticky":false,"template":"","format":"standard","meta":[],"categories":[6411],"tags":[5461],"_links":{"self":[{"href":"http:\/\/desarrollo.grupomedios.com\/futbol\/wp-json\/wp\/v2\/posts\/510559"}],"collection":[{"href":"http:\/\/desarrollo.grupomedios.com\/futbol\/wp-json\/wp\/v2\/posts"}],"about":[{"href":"http:\/\/desarrollo.grupomedios.com\/futbol\/wp-json\/wp\/v2\/types\/post"}],"author":[{"embeddable":true,"href":"http:\/\/desarrollo.grupomedios.com\/futbol\/wp-json\/wp\/v2\/users\/129"}],"replies":[{"embeddable":true,"href":"http:\/\/desarrollo.grupomedios.com\/futbol\/wp-json\/wp\/v2\/comments?post=510559"}],"version-history":[{"count":1,"href":"http:\/\/desarrollo.grupomedios.com\/futbol\/wp-json\/wp\/v2\/posts\/510559\/revisions"}],"predecessor-version":[{"id":510561,"href":"http:\/\/desarrollo.grupomedios.com\/futbol\/wp-json\/wp\/v2\/posts\/510559\/revisions\/510561"}],"wp:featuredmedia":[{"embeddable":true,"href":"http:\/\/desarrollo.grupomedios.com\/futbol\/wp-json\/wp\/v2\/media\/510560"}],"wp:attachment":[{"href":"http:\/\/desarrollo.grupomedios.com\/futbol\/wp-json\/wp\/v2\/media?parent=510559"}],"wp:term":[{"taxonomy":"category","embeddable":true,"href":"http:\/\/desarrollo.grupomedios.com\/futbol\/wp-json\/wp\/v2\/categories?post=510559"},{"taxonomy":"post_tag","embeddable":true,"href":"http:\/\/desarrollo.grupomedios.com\/futbol\/wp-json\/wp\/v2\/tags?post=510559"}],"curies":[{"name":"wp","href":"https:\/\/api.w.org\/{rel}","templated":true}]}}