{"id":510571,"date":"2017-11-26T16:56:07","date_gmt":"2017-11-26T22:56:07","guid":{"rendered":"https:\/\/www.futboltotal.com.mx\/?p=510571"},"modified":"2017-11-26T16:56:07","modified_gmt":"2017-11-26T22:56:07","slug":"benfica-golea-al-vitoria-setubal-sin-raul-jimenez","status":"publish","type":"post","link":"http:\/\/desarrollo.grupomedios.com\/futbol\/futbol-internacional\/benfica-golea-al-vitoria-setubal-sin-raul-jimenez\/2017\/11","title":{"rendered":"Benfica golea al Vitoria Setubal sin Ra\u00fal Jim\u00e9nez"},"content":{"rendered":"<p>El conjunto del <strong>Benfica<\/strong> logr\u00f3 hoy una bals\u00e1mica goleada ante el <strong>Vit\u00f3ria de Set\u00fabal<\/strong>, al que venci\u00f3 por 6-0, resultado que le mete de nuevo en la lucha liguera y le hace olvidar su mal papel en la fase de Grupos de la Champions, donde ya est\u00e1 eliminado.<\/p>\n<p>https:\/\/twitter.com\/SLBenfica\/status\/934910357780553730<\/p>\n<p>La balanza se puso del lado de los encarnados en el minuto 7, tras un tanto del central brasile\u00f1o de las \u00e1guilas, Luis\u00e3o.<\/p>\n<p>El protagonista de la noche, el delantero brasile\u00f1o y exjugador del Valencia Jon\u00e1s, que en el minuto 39 marcaba de cabeza el segundo del partido y su gol n\u00famero 100 con el Benfica, certificando as\u00ed su buena racha goleadora, ya que es el m\u00e1ximo goleador del campeonato luso con 13 dianas.<\/p>\n<p style=\"text-align: center;\"><span style=\"color: #3366ff;\"><a href=\"https:\/\/www.futboltotal.com.mx\/futbol-internacional\/liga-de-espana\/valencia-1-1-barcelona-laliga-santander-resumen\/2017\/11\">VER M\u00c1S: Barcelona rescata empate ante Valencia en vibrante partido<\/a><\/span><\/p>\n<p>Ya en la segunda parte, el extremo derecho argentino Salvio hac\u00eda el tercero para dejar encarrilado el encuentro.<\/p>\n<p>El doblete de Jon\u00e1s llegar\u00eda en el 66 y dos minutos m\u00e1s tarde el lateral derecho del conjunto encarnado Andr\u00e9 Almeida marcaba el 5-0.<\/p>\n<p>El sexto lleg\u00f3 en el minuto 87, obra del serbio Zivkovic, que hab\u00eda ingresado en el terreno de juego en sustituci\u00f3n del espa\u00f1ol Grimaldo.<\/p>\n<p style=\"text-align: center;\"><span style=\"color: #3366ff;\"><a href=\"https:\/\/www.futboltotal.com.mx\/destacado-home\/memo-ochoa-ataja-penal-standard-esta-en-zona-playoffs\/2017\/11\">VER M\u00c1S: Memo Ochoa ataja penal y el Standard est\u00e1 en zona de playoffs<\/a><\/span><\/p>\n<p>Tras la duod\u00e9cima jornada, la Liga de Portugal se aprieta un poco m\u00e1s por la parte alta, ya que el Oport\u00f3 empat\u00f3 contra el Desportivo das Aves, aunque contin\u00faa l\u00edder con 32 puntos, seguido del Sporting con 30 y del Benfica con 29.<\/p>\n<p>Todas las miradas est\u00e1n puestas en el partido que la pr\u00f3xima jornada disputar\u00e1n Oporto y Benfica.<\/p>\n","protected":false},"excerpt":{"rendered":"<p>Las \u00c1guilas persiguen de cerca al Porto.<\/p>\n","protected":false},"author":129,"featured_media":510572,"comment_status":"closed","ping_status":"closed","sticky":false,"template":"","format":"standard","meta":[],"categories":[3839],"tags":[6060,6214,3804,742],"_links":{"self":[{"href":"http:\/\/desarrollo.grupomedios.com\/futbol\/wp-json\/wp\/v2\/posts\/510571"}],"collection":[{"href":"http:\/\/desarrollo.grupomedios.com\/futbol\/wp-json\/wp\/v2\/posts"}],"about":[{"href":"http:\/\/desarrollo.grupomedios.com\/futbol\/wp-json\/wp\/v2\/types\/post"}],"author":[{"embeddable":true,"href":"http:\/\/desarrollo.grupomedios.com\/futbol\/wp-json\/wp\/v2\/users\/129"}],"replies":[{"embeddable":true,"href":"http:\/\/desarrollo.grupomedios.com\/futbol\/wp-json\/wp\/v2\/comments?post=510571"}],"version-history":[{"count":1,"href":"http:\/\/desarrollo.grupomedios.com\/futbol\/wp-json\/wp\/v2\/posts\/510571\/revisions"}],"predecessor-version":[{"id":510573,"href":"http:\/\/desarrollo.grupomedios.com\/futbol\/wp-json\/wp\/v2\/posts\/510571\/revisions\/510573"}],"wp:featuredmedia":[{"embeddable":true,"href":"http:\/\/desarrollo.grupomedios.com\/futbol\/wp-json\/wp\/v2\/media\/510572"}],"wp:attachment":[{"href":"http:\/\/desarrollo.grupomedios.com\/futbol\/wp-json\/wp\/v2\/media?parent=510571"}],"wp:term":[{"taxonomy":"category","embeddable":true,"href":"http:\/\/desarrollo.grupomedios.com\/futbol\/wp-json\/wp\/v2\/categories?post=510571"},{"taxonomy":"post_tag","embeddable":true,"href":"http:\/\/desarrollo.grupomedios.com\/futbol\/wp-json\/wp\/v2\/tags?post=510571"}],"curies":[{"name":"wp","href":"https:\/\/api.w.org\/{rel}","templated":true}]}}